{"id":57544,"date":"2020-09-10T09:37:06","date_gmt":"2020-09-10T09:37:06","guid":{"rendered":"https:\/\/www.lll.tum.de.devweb.mwn.de\/?p=57544"},"modified":"2020-09-10T09:37:06","modified_gmt":"2020-09-10T09:37:06","slug":"digitale-fuehrung-fuer-das-zeitalter-der-transformation-neu-gedacht-die-tum-school-of-management-revolutioniert-den-executive-mba-in-business-it-fuer-die-standorte-heilbronn-und-muenchen","status":"publish","type":"post","link":"http:\/\/ex.lll.tum.de.devweb.mwn.de\/de\/digitale-fuehrung-fuer-das-zeitalter-der-transformation-neu-gedacht-die-tum-school-of-management-revolutioniert-den-executive-mba-in-business-it-fuer-die-standorte-heilbronn-und-muenchen\/","title":{"rendered":"Digitale F\u00fchrung f\u00fcr das Zeitalter der Transformation \u2013 neu gedacht: Die TUM School of Management revolutioniert den Executive MBA in Business &#038; IT f\u00fcr die Standorte Heilbronn und M\u00fcnchen"},"content":{"rendered":"<p>Unvorhersehbare Situationen wie die Auswirkungen der Corona-Pandemie im Jahr 2020 stellen uns vor neue Herausforderungen der digitalen F\u00fchrung. Neben all den F\u00e4higkeiten, die bislang f\u00fcr die gro\u00dfen Management-Aufgaben der Wirtschaft n\u00f6tig waren, wird im Zeitalter der digitalen Transformation auch zunehmend ein Verst\u00e4ndnis f\u00fcr die Informationstechnologie (IT) essentiell, um Innovationspotenziale zu erkennen, Angebote weiterzuentwickeln und Gesch\u00e4ftsmodelle an das \u201eNew Normal\u201d der immer schneller voranschreitenden Digitalisierung anzupassen. Dabei gewinnt im Kontext der Pandemie auch die Rolle des Chief Information Officers (CIO) sp\u00fcrbar an Relevanz.<\/p>\n<p>Auf dem Arbeitsmarkt ist l\u00e4ngst ein Wettstreit um jene F\u00fchrungspers\u00f6nlichkeiten entbrannt, die nicht nur Krisenmanagement beherrschen, sondern auch durch fundiertes Wissen in Management und Technologie die digitale Transformation nachhaltig und erfolgreich gestalten k\u00f6nnen. Um dieses Wissen auf h\u00f6chstem Niveau weiterzugeben und k\u00fcnftige F\u00fchrungskr\u00e4fte f\u00fcr ihre Aufgaben an der Schnittstelle zwischen Management und IT zu wappnen, bietet die Technische Universit\u00e4t M\u00fcnchen erstmals zum Wintersemester 2020\/2021 einige Zertifikats-\u00a0 und Executive MBA Programme im Fachbereich <a href=\"http:\/\/ex.lll.tum.de.devweb.mwn.de\/executive-mba-in-business-it\/\" target=\"_blank\" rel=\"noopener noreferrer\">Business &amp; IT<\/a> nicht nur am Standort M\u00fcnchen, sondern auch am Bildungscampus Heilbronn an. Die Teilnehmenden und Studierenden profitieren davon doppelt: zum einen durch die neue Chance, sich selbst zu hinterfragen und zukunftssicher in die eigenen F\u00e4higkeiten zu investieren. Zum anderen er\u00f6ffnen s\u00e4mtliche Programme bislang ungekannte M\u00f6glichkeiten der flexiblen Ausbildungsgestaltung \u2013 die gerade in Zeiten der Unsicherheit und des Umbruchs mit jedem Tag wichtiger werden.<\/p>\n<p>Diese Flexibilit\u00e4t ist das Resultat einer Neustrukturierung der akademischen Angebote. \u201eMit Beginn des neuen Wintersemesters k\u00f6nnen Module des <a href=\"http:\/\/ex.lll.tum.de.devweb.mwn.de\/executive-mba-in-business-it\/\" target=\"_blank\" rel=\"noopener noreferrer\">Executive MBA in Business &amp; IT<\/a> an unseren beiden Standorten auch als Zertifikate absolviert werden \u2013 mit der Option, sich diese sp\u00e4ter im Rahmen eines Masterstudiums im selben Fachbereich an der TUM School of Management akkreditieren zu lassen\u201d, erkl\u00e4rt Prof. Dr. <a href=\"https:\/\/www.professoren.tum.de\/krcmar-helmut\" target=\"_blank\" rel=\"noopener noreferrer\">Helmut Krcmar<\/a>, Gr\u00fcndungsdekan der TUM School of Management am Campus Heilbronn, Beauftragter des Pr\u00e4sidenten f\u00fcr den TUM Campus Heilbronn und Inhaber des Lehrstuhls f\u00fcr Wirtschaftsinformatik in der Fakult\u00e4t Informatik. Diese M\u00f6glichkeit entsteht durch die Zusammenf\u00fchrung beider Programme. Diese M\u00f6glichkeit gab es bis dato nur am Standort der Technischen Universit\u00e4t M\u00fcnchen. Ab Herbst 2020 werden die BIT-Zertifikatsprogramme jetzt auch am Campus Heilbronn angeboten, der erst zum Wintersemester 2018 er\u00f6ffnet wurde. Die als Zertifikate erbrachten Leistungen k\u00f6nnen nachtr\u00e4glich nun auch hier im Rahmen des Executive MBAs angerrechnet werden.<\/p>\n<p>Gleichzeitig sollen die Studierenden nicht nur in der Gestaltung ihrer akademischen Ziele so flexibel wie m\u00f6glich bleiben. Auch die Teilnahmeoptionen wurden an die j\u00fcngsten Entwicklungen angepasst: So werden inzwischen nicht nur Blended-Learning-Formate, bei denen sich virtuelle und physische Module erg\u00e4nzen, sondern auch rein virtuelle Programme von der Professional &amp; Executive Education der Technischen Universit\u00e4t M\u00fcnchen realisiert. F\u00fcr Gr\u00fcndungsdekan Prof. Dr. Helmut Krcmar ist dies mit Blick auf die Entwicklungen der vergangenen Monate ein entscheidender Schritt: \u201eDas \u00fcberarbeitete Zertifikatsprogramm <a href=\"http:\/\/ex.lll.tum.de.devweb.mwn.de\/certificate\/certified-blockchain-dlt-manager\/\" target=\"_blank\" rel=\"noopener noreferrer\">Blockchain &amp; DLT Management<\/a> wird ab Herbst komplett remote absolvierbar sein, weitere werden folgen. Damit beugen wir den Auswirkungen einer weiteren Pandemie Welle vor und stellen sicher, dass auch weitreichende Kontaktbeschr\u00e4nkungen die Ausbildungsziele unserer Teilnehmenden nicht gef\u00e4hrden\u201d, erkl\u00e4rt Prof. Krcmar.<\/p>\n<p>Trotz dem Ausbau virtueller Lehrformate soll der bew\u00e4hrte, praxisorientierten Ansatz s\u00e4mtlicher Executive Education- und Zertifikatsprogramme der Technischen Universit\u00e4t M\u00fcnchen unangetastet bleiben. \u201eOb nun im physischen Pr\u00e4senzveranstaltungen oder virtuell am Rechner: Unser Ziel bleibt die Bef\u00e4higung unserer Studierenden, die Digitalisierung und den Einsatz neuer Technologien voranzutreiben, ein Netzwerk aufzubauen, in dem sie sich entfalten k\u00f6nnen, und die Vermittlung bew\u00e4hrter F\u00fchrungsqualit\u00e4ten, die ihnen das R\u00fcstzeug f\u00fcr eine zukunftssichere Positionierung ihres Unternehmens am Markt geben sollen\u201d, bekr\u00e4ftigt Prof. Krcmar. \u201eWir wollen denen, die danach streben an der Schnittstelle von IT und Management Vordenker zu werden und F\u00fchrungs\u00e4mter zu \u00fcbernehmen, mit unserem Executive MBA in Business &amp; IT unterschiedliche Denkweisen zur L\u00f6sung altbekannter Fragen vermitteln. Wir wollen ihnen zeigen, dass andere Antworten m\u00f6glich sind. Indem wir ein Umdenken, einen Perspektivwechsel bewirken, bringen wir ihnen bei, wie sie diese Antworten erkennen und nutzen k\u00f6nnen.<\/p>\n<p>\u201dDass ein solches Umdenken das Potenzial hat, ein altes Problem in neuem Licht erscheinen zu lassen, zeigt sich laut Professor Krcmar bei einer der dr\u00e4ngendsten Herausforderungen f\u00fcr Unternehmen in der heutigen Zeit: \u201eWenn man sich die Kernkomponenten der digitalen Transformation ansieht, denken viele Menschen, dass es entweder um Technologie, um F\u00e4higkeiten oder um Gesch\u00e4ftsmodelle geht. Aber in Wahrheit geht es mehr um die Passung von Unternehmenskultur, erfolgreichen Gesch\u00e4ftsmodellen und dem n\u00f6tigen Verst\u00e4ndnis f\u00fcr die Nutzung neuer Technologien, um Wertsch\u00f6pfung zu erm\u00f6glichen. Mit unseren dreifach akkreditierten Executive MBA-Programmen bringen wir Management- und Technologiekompetenzen zusammen, konzentrieren uns auf die Kombination der verschiedenen Faktoren und helfen den F\u00fchrungskr\u00e4ften dabei, zu erkennen, ob sie auf einem guten Weg sind oder aber ein wenig nachbessern m\u00fcssen.\u201d<\/p>\n<p>Um diese F\u00e4higkeiten bestm\u00f6glich nutzen zu k\u00f6nnen, muss man sie aber nat\u00fcrlich nicht nur kennen, sondern sich auch die M\u00fche machen, sie anzuwenden, motiviert zu bleiben und diese neue Art des Umgangs mit Problemen und Herausforderungen zu verinnerlichen. Schlie\u00dflich ist nicht jeder zum F\u00fchren geboren. \u201eEs ist eine Metaf\u00e4higkeit, dazu bereit zu sein, sich selbst zu ver\u00e4ndern und die Ver\u00e4nderung tats\u00e4chlich zu genie\u00dfen\u201d, reflektiert Professor Krcmar. \u201eAber wenn es Ihnen gelingt, Freude an der Ver\u00e4nderungen und Weiterentwicklungen zu empfinden und daran, sich selbst neu zu erfinden, dann sind Sie nicht nur f\u00fcr die Herausforderungen der Digitalisierung ger\u00fcstet, sondern auch f\u00fcr die n\u00e4chsten \u2013 wann immer sie kommen m\u00f6gen\u201c.<\/p>\n","protected":false},"excerpt":{"rendered":"<p>Unvorhersehbare Situationen wie die Auswirkungen der Corona-Pandemie im Jahr 2020 stellen uns vor neue Herausforderungen der digitalen F\u00fchrung. Neben all den F\u00e4higkeiten, die bislang f\u00fcr die gro\u00dfen Management-Aufgaben der Wirtschaft \u2026 <br \/>Read More here <i class=\"icon-icn_tum_internlink\"><\/i><\/p>\n","protected":false},"author":65,"featured_media":57545,"comment_status":"closed","ping_status":"open","sticky":false,"template":"","format":"standard","meta":[],"categories":[199,185],"tags":[],"acf":[],"yoast_head":"<!-- This site is optimized with the Yoast SEO Premium plugin v19.5 (Yoast SEO v19.10) - https:\/\/yoast.com\/wordpress\/plugins\/seo\/ -->\n<title>Digitale F\u00fchrung f\u00fcr das Zeitalter der Transformation \u2013 neu gedacht: Die TUM School of Management revolutioniert den Executive MBA in Business &amp; IT f\u00fcr die Standorte Heilbronn und M\u00fcnchen - TUM Executive &amp; Professional Education<\/title>\n<meta name=\"robots\" content=\"noindex, follow, max-snippet:-1, max-image-preview:large, max-video-preview:-1\" \/>\n<meta property=\"og:locale\" content=\"de_DE\" \/>\n<meta property=\"og:type\" content=\"article\" \/>\n<meta property=\"og:title\" content=\"Digitale F\u00fchrung f\u00fcr das Zeitalter der Transformation \u2013 neu gedacht: Die TUM School of Management revolutioniert den Executive MBA in Business &amp; IT f\u00fcr die Standorte Heilbronn und M\u00fcnchen\" \/>\n<meta property=\"og:description\" content=\"Unvorhersehbare Situationen wie die Auswirkungen der Corona-Pandemie im Jahr 2020 stellen uns vor neue Herausforderungen der digitalen F\u00fchrung. Neben all den F\u00e4higkeiten, die bislang f\u00fcr die gro\u00dfen Management-Aufgaben der Wirtschaft \u2026 Read More here\" \/>\n<meta property=\"og:url\" content=\"http:\/\/ex.lll.tum.de.devweb.mwn.de\/de\/digitale-fuehrung-fuer-das-zeitalter-der-transformation-neu-gedacht-die-tum-school-of-management-revolutioniert-den-executive-mba-in-business-it-fuer-die-standorte-heilbronn-und-muenchen\/\" \/>\n<meta property=\"og:site_name\" content=\"TUM Executive &amp; Professional Education\" \/>\n<meta property=\"article:published_time\" content=\"2020-09-10T09:37:06+00:00\" \/>\n<meta property=\"og:image\" content=\"http:\/\/ex.lll.tum.de.devweb.mwn.de\/wp-content\/uploads\/2020\/09\/Voice-Newsletter-Where-Management-meets-Technology.jpg\" \/>\n\t<meta property=\"og:image:width\" content=\"1080\" \/>\n\t<meta property=\"og:image:height\" content=\"720\" \/>\n\t<meta property=\"og:image:type\" content=\"image\/jpeg\" \/>\n<meta name=\"author\" content=\"Anja Muckenfu\u00df\" \/>\n<meta name=\"twitter:card\" content=\"summary_large_image\" \/>\n<meta name=\"twitter:label1\" content=\"Verfasst von\" \/>\n\t<meta name=\"twitter:data1\" content=\"Anja Muckenfu\u00df\" \/>\n\t<meta name=\"twitter:label2\" content=\"Gesch\u00e4tzte Lesezeit\" \/>\n\t<meta name=\"twitter:data2\" content=\"5\u00a0Minuten\" \/>\n<script type=\"application\/ld+json\" class=\"yoast-schema-graph\">{\"@context\":\"https:\/\/schema.org\",\"@graph\":[{\"@type\":\"WebPage\",\"@id\":\"http:\/\/ex.lll.tum.de.devweb.mwn.de\/de\/digitale-fuehrung-fuer-das-zeitalter-der-transformation-neu-gedacht-die-tum-school-of-management-revolutioniert-den-executive-mba-in-business-it-fuer-die-standorte-heilbronn-und-muenchen\/\",\"url\":\"http:\/\/ex.lll.tum.de.devweb.mwn.de\/de\/digitale-fuehrung-fuer-das-zeitalter-der-transformation-neu-gedacht-die-tum-school-of-management-revolutioniert-den-executive-mba-in-business-it-fuer-die-standorte-heilbronn-und-muenchen\/\",\"name\":\"Digitale F\u00fchrung f\u00fcr das Zeitalter der Transformation \u2013 neu gedacht: Die TUM School of Management revolutioniert den Executive MBA in Business & IT f\u00fcr die Standorte Heilbronn und M\u00fcnchen - TUM Executive &amp; Professional Education\",\"isPartOf\":{\"@id\":\"http:\/\/ex.lll.tum.de.devweb.mwn.de\/#website\"},\"datePublished\":\"2020-09-10T09:37:06+00:00\",\"dateModified\":\"2020-09-10T09:37:06+00:00\",\"author\":{\"@id\":\"http:\/\/ex.lll.tum.de.devweb.mwn.de\/#\/schema\/person\/ee55455c205b76ba846655f494050148\"},\"breadcrumb\":{\"@id\":\"http:\/\/ex.lll.tum.de.devweb.mwn.de\/de\/digitale-fuehrung-fuer-das-zeitalter-der-transformation-neu-gedacht-die-tum-school-of-management-revolutioniert-den-executive-mba-in-business-it-fuer-die-standorte-heilbronn-und-muenchen\/#breadcrumb\"},\"inLanguage\":\"de\",\"potentialAction\":[{\"@type\":\"ReadAction\",\"target\":[\"http:\/\/ex.lll.tum.de.devweb.mwn.de\/de\/digitale-fuehrung-fuer-das-zeitalter-der-transformation-neu-gedacht-die-tum-school-of-management-revolutioniert-den-executive-mba-in-business-it-fuer-die-standorte-heilbronn-und-muenchen\/\"]}]},{\"@type\":\"BreadcrumbList\",\"@id\":\"http:\/\/ex.lll.tum.de.devweb.mwn.de\/de\/digitale-fuehrung-fuer-das-zeitalter-der-transformation-neu-gedacht-die-tum-school-of-management-revolutioniert-den-executive-mba-in-business-it-fuer-die-standorte-heilbronn-und-muenchen\/#breadcrumb\",\"itemListElement\":[{\"@type\":\"ListItem\",\"position\":1,\"name\":\"Home\",\"item\":\"http:\/\/ex.lll.tum.de.devweb.mwn.de\/de\/\"},{\"@type\":\"ListItem\",\"position\":2,\"name\":\"Digitale F\u00fchrung f\u00fcr das Zeitalter der Transformation \u2013 neu gedacht: Die TUM School of Management revolutioniert den Executive MBA in Business &#038; IT f\u00fcr die Standorte Heilbronn und M\u00fcnchen\"}]},{\"@type\":\"WebSite\",\"@id\":\"http:\/\/ex.lll.tum.de.devweb.mwn.de\/#website\",\"url\":\"http:\/\/ex.lll.tum.de.devweb.mwn.de\/\",\"name\":\"TUM Executive &amp; Professional Education\",\"description\":\"\",\"potentialAction\":[{\"@type\":\"SearchAction\",\"target\":{\"@type\":\"EntryPoint\",\"urlTemplate\":\"http:\/\/ex.lll.tum.de.devweb.mwn.de\/?s={search_term_string}\"},\"query-input\":\"required name=search_term_string\"}],\"inLanguage\":\"de\"},{\"@type\":\"Person\",\"@id\":\"http:\/\/ex.lll.tum.de.devweb.mwn.de\/#\/schema\/person\/ee55455c205b76ba846655f494050148\",\"name\":\"Anja Muckenfu\u00df\",\"image\":{\"@type\":\"ImageObject\",\"inLanguage\":\"de\",\"@id\":\"http:\/\/ex.lll.tum.de.devweb.mwn.de\/#\/schema\/person\/image\/\",\"url\":\"http:\/\/1.gravatar.com\/avatar\/aea71070b95c8feaac94512175db4818?s=96&d=mm&r=g\",\"contentUrl\":\"http:\/\/1.gravatar.com\/avatar\/aea71070b95c8feaac94512175db4818?s=96&d=mm&r=g\",\"caption\":\"Anja Muckenfu\u00df\"}}]}<\/script>\n<!-- \/ Yoast SEO Premium plugin. -->","yoast_head_json":{"title":"Digitale F\u00fchrung f\u00fcr das Zeitalter der Transformation \u2013 neu gedacht: Die TUM School of Management revolutioniert den Executive MBA in Business & IT f\u00fcr die Standorte Heilbronn und M\u00fcnchen - TUM Executive &amp; Professional Education","robots":{"index":"noindex","follow":"follow","max-snippet":"max-snippet:-1","max-image-preview":"max-image-preview:large","max-video-preview":"max-video-preview:-1"},"og_locale":"de_DE","og_type":"article","og_title":"Digitale F\u00fchrung f\u00fcr das Zeitalter der Transformation \u2013 neu gedacht: Die TUM School of Management revolutioniert den Executive MBA in Business & IT f\u00fcr die Standorte Heilbronn und M\u00fcnchen","og_description":"Unvorhersehbare Situationen wie die Auswirkungen der Corona-Pandemie im Jahr 2020 stellen uns vor neue Herausforderungen der digitalen F\u00fchrung. Neben all den F\u00e4higkeiten, die bislang f\u00fcr die gro\u00dfen Management-Aufgaben der Wirtschaft \u2026 Read More here","og_url":"http:\/\/ex.lll.tum.de.devweb.mwn.de\/de\/digitale-fuehrung-fuer-das-zeitalter-der-transformation-neu-gedacht-die-tum-school-of-management-revolutioniert-den-executive-mba-in-business-it-fuer-die-standorte-heilbronn-und-muenchen\/","og_site_name":"TUM Executive &amp; Professional Education","article_published_time":"2020-09-10T09:37:06+00:00","og_image":[{"width":1080,"height":720,"url":"http:\/\/ex.lll.tum.de.devweb.mwn.de\/wp-content\/uploads\/2020\/09\/Voice-Newsletter-Where-Management-meets-Technology.jpg","type":"image\/jpeg"}],"author":"Anja Muckenfu\u00df","twitter_card":"summary_large_image","twitter_misc":{"Verfasst von":"Anja Muckenfu\u00df","Gesch\u00e4tzte Lesezeit":"5\u00a0Minuten"},"schema":{"@context":"https:\/\/schema.org","@graph":[{"@type":"WebPage","@id":"http:\/\/ex.lll.tum.de.devweb.mwn.de\/de\/digitale-fuehrung-fuer-das-zeitalter-der-transformation-neu-gedacht-die-tum-school-of-management-revolutioniert-den-executive-mba-in-business-it-fuer-die-standorte-heilbronn-und-muenchen\/","url":"http:\/\/ex.lll.tum.de.devweb.mwn.de\/de\/digitale-fuehrung-fuer-das-zeitalter-der-transformation-neu-gedacht-die-tum-school-of-management-revolutioniert-den-executive-mba-in-business-it-fuer-die-standorte-heilbronn-und-muenchen\/","name":"Digitale F\u00fchrung f\u00fcr das Zeitalter der Transformation \u2013 neu gedacht: Die TUM School of Management revolutioniert den Executive MBA in Business & IT f\u00fcr die Standorte Heilbronn und M\u00fcnchen - TUM Executive &amp; Professional Education","isPartOf":{"@id":"http:\/\/ex.lll.tum.de.devweb.mwn.de\/#website"},"datePublished":"2020-09-10T09:37:06+00:00","dateModified":"2020-09-10T09:37:06+00:00","author":{"@id":"http:\/\/ex.lll.tum.de.devweb.mwn.de\/#\/schema\/person\/ee55455c205b76ba846655f494050148"},"breadcrumb":{"@id":"http:\/\/ex.lll.tum.de.devweb.mwn.de\/de\/digitale-fuehrung-fuer-das-zeitalter-der-transformation-neu-gedacht-die-tum-school-of-management-revolutioniert-den-executive-mba-in-business-it-fuer-die-standorte-heilbronn-und-muenchen\/#breadcrumb"},"inLanguage":"de","potentialAction":[{"@type":"ReadAction","target":["http:\/\/ex.lll.tum.de.devweb.mwn.de\/de\/digitale-fuehrung-fuer-das-zeitalter-der-transformation-neu-gedacht-die-tum-school-of-management-revolutioniert-den-executive-mba-in-business-it-fuer-die-standorte-heilbronn-und-muenchen\/"]}]},{"@type":"BreadcrumbList","@id":"http:\/\/ex.lll.tum.de.devweb.mwn.de\/de\/digitale-fuehrung-fuer-das-zeitalter-der-transformation-neu-gedacht-die-tum-school-of-management-revolutioniert-den-executive-mba-in-business-it-fuer-die-standorte-heilbronn-und-muenchen\/#breadcrumb","itemListElement":[{"@type":"ListItem","position":1,"name":"Home","item":"http:\/\/ex.lll.tum.de.devweb.mwn.de\/de\/"},{"@type":"ListItem","position":2,"name":"Digitale F\u00fchrung f\u00fcr das Zeitalter der Transformation \u2013 neu gedacht: Die TUM School of Management revolutioniert den Executive MBA in Business &#038; IT f\u00fcr die Standorte Heilbronn und M\u00fcnchen"}]},{"@type":"WebSite","@id":"http:\/\/ex.lll.tum.de.devweb.mwn.de\/#website","url":"http:\/\/ex.lll.tum.de.devweb.mwn.de\/","name":"TUM Executive &amp; Professional Education","description":"","potentialAction":[{"@type":"SearchAction","target":{"@type":"EntryPoint","urlTemplate":"http:\/\/ex.lll.tum.de.devweb.mwn.de\/?s={search_term_string}"},"query-input":"required name=search_term_string"}],"inLanguage":"de"},{"@type":"Person","@id":"http:\/\/ex.lll.tum.de.devweb.mwn.de\/#\/schema\/person\/ee55455c205b76ba846655f494050148","name":"Anja Muckenfu\u00df","image":{"@type":"ImageObject","inLanguage":"de","@id":"http:\/\/ex.lll.tum.de.devweb.mwn.de\/#\/schema\/person\/image\/","url":"http:\/\/1.gravatar.com\/avatar\/aea71070b95c8feaac94512175db4818?s=96&d=mm&r=g","contentUrl":"http:\/\/1.gravatar.com\/avatar\/aea71070b95c8feaac94512175db4818?s=96&d=mm&r=g","caption":"Anja Muckenfu\u00df"}}]}},"_links":{"self":[{"href":"http:\/\/ex.lll.tum.de.devweb.mwn.de\/de\/wp-json\/wp\/v2\/posts\/57544"}],"collection":[{"href":"http:\/\/ex.lll.tum.de.devweb.mwn.de\/de\/wp-json\/wp\/v2\/posts"}],"about":[{"href":"http:\/\/ex.lll.tum.de.devweb.mwn.de\/de\/wp-json\/wp\/v2\/types\/post"}],"author":[{"embeddable":true,"href":"http:\/\/ex.lll.tum.de.devweb.mwn.de\/de\/wp-json\/wp\/v2\/users\/65"}],"replies":[{"embeddable":true,"href":"http:\/\/ex.lll.tum.de.devweb.mwn.de\/de\/wp-json\/wp\/v2\/comments?post=57544"}],"version-history":[{"count":0,"href":"http:\/\/ex.lll.tum.de.devweb.mwn.de\/de\/wp-json\/wp\/v2\/posts\/57544\/revisions"}],"wp:featuredmedia":[{"embeddable":true,"href":"http:\/\/ex.lll.tum.de.devweb.mwn.de\/de\/wp-json\/wp\/v2\/media\/57545"}],"wp:attachment":[{"href":"http:\/\/ex.lll.tum.de.devweb.mwn.de\/de\/wp-json\/wp\/v2\/media?parent=57544"}],"wp:term":[{"taxonomy":"category","embeddable":true,"href":"http:\/\/ex.lll.tum.de.devweb.mwn.de\/de\/wp-json\/wp\/v2\/categories?post=57544"},{"taxonomy":"post_tag","embeddable":true,"href":"http:\/\/ex.lll.tum.de.devweb.mwn.de\/de\/wp-json\/wp\/v2\/tags?post=57544"}],"curies":[{"name":"wp","href":"https:\/\/api.w.org\/{rel}","templated":true}]}}