{"id":50924,"date":"2020-04-08T09:58:11","date_gmt":"2020-04-08T09:58:11","guid":{"rendered":"https:\/\/www.lll.tum.de.devweb.mwn.de\/?p=50924"},"modified":"2020-04-15T12:32:51","modified_gmt":"2020-04-15T12:32:51","slug":"die-exzellenz-botschafterin-unsere-vizepraesidentin-fuer-talent-management-diversity-der-tum-prof-dr-claudia-peus-wurde-unter-die-40-over-40-gewaehlt","status":"publish","type":"post","link":"http:\/\/ex.lll.tum.de.devweb.mwn.de\/de\/die-exzellenz-botschafterin-unsere-vizepraesidentin-fuer-talent-management-diversity-der-tum-prof-dr-claudia-peus-wurde-unter-die-40-over-40-gewaehlt\/","title":{"rendered":"Die Exzellenz Botschafterin \u2013 Unsere Vizepr\u00e4sidentin f\u00fcr Talent Management &#038; Diversity der TUM Prof. Dr. Claudia Peus wurde unter die \u201c40 over 40\u201d gew\u00e4hlt"},"content":{"rendered":"<p><strong>\u201e40 over 40\u201c \u2013 das sind vierzig au\u00dfergew\u00f6hnliche Frauen, die von \u201eFemaleOneZero\u201c als Vorbilder f\u00fcr alle Altersklassen ausgew\u00e4hlt wurden. Mit dabei ist dieses Jahr Prof. Dr. Claudia Peus, die als Professorin f\u00fcr Forschungs- und Wissenschaftsmanagement an der TUM School of Management f\u00fcr Studierende, junge Wissenschaftler und Wissenschaftlerinnen sowie erfahrene F\u00fchrungskr\u00e4fte ein wahres Rolemodel ist. <\/strong><\/p>\n<div id=\"attachment_50873\" style=\"width: 310px\" class=\"wp-caption aligncenter\"><img aria-describedby=\"caption-attachment-50873\" loading=\"lazy\" class=\"size-full wp-image-50873\" src=\"https:\/\/lll.tum.de\/wp-content\/uploads\/2020\/04\/Claudia-Peus.jpg\" alt=\"\" width=\"300\" height=\"193\" \/><p id=\"caption-attachment-50873\" class=\"wp-caption-text\">Unsere gesch\u00e4ftsf\u00fchrende Vizepr\u00e4sidentin f\u00fcr Talent Management &amp; Diversity der TUM Prof. Dr. Claudia Peus<\/p><\/div>\n<p><strong>\u00a0<\/strong><\/p>\n<p>Die\u201c40 under 40\u201d Liste des Fortune Magazins und die \u201e30 under 30\u201c von Forbes werden jedes Jahr mit Spannung erwartet. Au\u00dfergew\u00f6hnliche Personen mit gro\u00dfem Einfluss und Vorbildcharakter aus den unterschiedlichsten Bereichen werden darin vorgestellt. \u201eFemaleOneZero\u201c hat daran angelehnt nun in Deutschland die \u201e40 over 40\u201c gek\u00fcrt. Mit dabei: Unsere Vizepr\u00e4sidentin Prof. Dr. Claudia Peus.<\/p>\n<p>Es sind 40 sehr unterschiedliche Frauen, die auf der Liste von \u201eFemaleOneZero\u201c vertreten sind: Bankerinnen, Aktivistinnen, Unternehmerinnen. Ihnen allen gemein ist, dass sie die Welt ver\u00e4ndern wollen, mit Hilfe ihrer Expertise \u2013 und mit ihrem Engagement sind sie wahre Vorbilder f\u00fcr alle Altersklassen.<\/p>\n<p>Claudia Peus ist als Professorin f\u00fcr Forschungs-und Wissenschaftsmanagement ein Role-Model f\u00fcr ihre Studierenden. In ihrer Forschung besch\u00e4ftigt sie sich vorrangig mit den Themen F\u00fchrungskr\u00e4fte und F\u00fchrungskr\u00e4fteentwicklung, Wissenschaftsmanagement sowie internationalem Personalmanagement.<\/p>\n<p>Neugierig geworden, welche au\u00dfergew\u00f6hnlichen Frauen neben Professor Dr. Claudia Peus noch ausgezeichnet wurden? <a href=\"https:\/\/femaleonezero.com\/people\/40-over-40-germanys-most-inspiring-women\/\">Hier<\/a> geht es zur vollst\u00e4ndigen Liste.<\/p>\n","protected":false},"excerpt":{"rendered":"<p>\u201e40 over 40\u201c \u2013 das sind vierzig au\u00dfergew\u00f6hnliche Frauen, die von \u201eFemaleOneZero\u201c als Vorbilder f\u00fcr alle Altersklassen ausgew\u00e4hlt wurden. Mit dabei ist dieses Jahr Prof. Dr. Claudia Peus, die als \u2026 <br \/>Read More here <i class=\"icon-icn_tum_internlink\"><\/i><\/p>\n","protected":false},"author":26,"featured_media":50873,"comment_status":"closed","ping_status":"open","sticky":false,"template":"","format":"standard","meta":[],"categories":[199,1],"tags":[],"acf":[],"yoast_head":"<!-- This site is optimized with the Yoast SEO Premium plugin v19.5 (Yoast SEO v19.10) - https:\/\/yoast.com\/wordpress\/plugins\/seo\/ -->\n<title>Die Exzellenz Botschafterin \u2013 Unsere Vizepr\u00e4sidentin f\u00fcr Talent Management &amp; Diversity der TUM Prof. Dr. Claudia Peus wurde unter die \u201c40 over 40\u201d gew\u00e4hlt - TUM Executive &amp; Professional Education<\/title>\n<meta name=\"robots\" content=\"noindex, follow, max-snippet:-1, max-image-preview:large, max-video-preview:-1\" \/>\n<meta property=\"og:locale\" content=\"de_DE\" \/>\n<meta property=\"og:type\" content=\"article\" \/>\n<meta property=\"og:title\" content=\"Die Exzellenz Botschafterin \u2013 Unsere Vizepr\u00e4sidentin f\u00fcr Talent Management &amp; Diversity der TUM Prof. Dr. Claudia Peus wurde unter die \u201c40 over 40\u201d gew\u00e4hlt\" \/>\n<meta property=\"og:description\" content=\"\u201e40 over 40\u201c \u2013 das sind vierzig au\u00dfergew\u00f6hnliche Frauen, die von \u201eFemaleOneZero\u201c als Vorbilder f\u00fcr alle Altersklassen ausgew\u00e4hlt wurden. Mit dabei ist dieses Jahr Prof. Dr. Claudia Peus, die als \u2026 Read More here\" \/>\n<meta property=\"og:url\" content=\"http:\/\/ex.lll.tum.de.devweb.mwn.de\/de\/die-exzellenz-botschafterin-unsere-vizepraesidentin-fuer-talent-management-diversity-der-tum-prof-dr-claudia-peus-wurde-unter-die-40-over-40-gewaehlt\/\" \/>\n<meta property=\"og:site_name\" content=\"TUM Executive &amp; Professional Education\" \/>\n<meta property=\"article:published_time\" content=\"2020-04-08T09:58:11+00:00\" \/>\n<meta property=\"article:modified_time\" content=\"2020-04-15T12:32:51+00:00\" \/>\n<meta property=\"og:image\" content=\"http:\/\/ex.lll.tum.de.devweb.mwn.de\/wp-content\/uploads\/2020\/04\/Claudia-Peus.jpg\" \/>\n\t<meta property=\"og:image:width\" content=\"300\" \/>\n\t<meta property=\"og:image:height\" content=\"193\" \/>\n\t<meta property=\"og:image:type\" content=\"image\/jpeg\" \/>\n<meta name=\"author\" content=\"360VIER\" \/>\n<meta name=\"twitter:card\" content=\"summary_large_image\" \/>\n<meta name=\"twitter:label1\" content=\"Verfasst von\" \/>\n\t<meta name=\"twitter:data1\" content=\"360VIER\" \/>\n\t<meta name=\"twitter:label2\" content=\"Gesch\u00e4tzte Lesezeit\" \/>\n\t<meta name=\"twitter:data2\" content=\"1\u00a0Minute\" \/>\n<script type=\"application\/ld+json\" class=\"yoast-schema-graph\">{\"@context\":\"https:\/\/schema.org\",\"@graph\":[{\"@type\":\"WebPage\",\"@id\":\"http:\/\/ex.lll.tum.de.devweb.mwn.de\/de\/die-exzellenz-botschafterin-unsere-vizepraesidentin-fuer-talent-management-diversity-der-tum-prof-dr-claudia-peus-wurde-unter-die-40-over-40-gewaehlt\/\",\"url\":\"http:\/\/ex.lll.tum.de.devweb.mwn.de\/de\/die-exzellenz-botschafterin-unsere-vizepraesidentin-fuer-talent-management-diversity-der-tum-prof-dr-claudia-peus-wurde-unter-die-40-over-40-gewaehlt\/\",\"name\":\"Die Exzellenz Botschafterin \u2013 Unsere Vizepr\u00e4sidentin f\u00fcr Talent Management & Diversity der TUM Prof. Dr. Claudia Peus wurde unter die \u201c40 over 40\u201d gew\u00e4hlt - TUM Executive &amp; Professional Education\",\"isPartOf\":{\"@id\":\"http:\/\/ex.lll.tum.de.devweb.mwn.de\/#website\"},\"datePublished\":\"2020-04-08T09:58:11+00:00\",\"dateModified\":\"2020-04-15T12:32:51+00:00\",\"author\":{\"@id\":\"http:\/\/ex.lll.tum.de.devweb.mwn.de\/#\/schema\/person\/ff4286507e6ec473c1121f8222a24473\"},\"breadcrumb\":{\"@id\":\"http:\/\/ex.lll.tum.de.devweb.mwn.de\/de\/die-exzellenz-botschafterin-unsere-vizepraesidentin-fuer-talent-management-diversity-der-tum-prof-dr-claudia-peus-wurde-unter-die-40-over-40-gewaehlt\/#breadcrumb\"},\"inLanguage\":\"de\",\"potentialAction\":[{\"@type\":\"ReadAction\",\"target\":[\"http:\/\/ex.lll.tum.de.devweb.mwn.de\/de\/die-exzellenz-botschafterin-unsere-vizepraesidentin-fuer-talent-management-diversity-der-tum-prof-dr-claudia-peus-wurde-unter-die-40-over-40-gewaehlt\/\"]}]},{\"@type\":\"BreadcrumbList\",\"@id\":\"http:\/\/ex.lll.tum.de.devweb.mwn.de\/de\/die-exzellenz-botschafterin-unsere-vizepraesidentin-fuer-talent-management-diversity-der-tum-prof-dr-claudia-peus-wurde-unter-die-40-over-40-gewaehlt\/#breadcrumb\",\"itemListElement\":[{\"@type\":\"ListItem\",\"position\":1,\"name\":\"Home\",\"item\":\"http:\/\/ex.lll.tum.de.devweb.mwn.de\/de\/\"},{\"@type\":\"ListItem\",\"position\":2,\"name\":\"Die Exzellenz Botschafterin \u2013 Unsere Vizepr\u00e4sidentin f\u00fcr Talent Management &#038; Diversity der TUM Prof. Dr. Claudia Peus wurde unter die \u201c40 over 40\u201d gew\u00e4hlt\"}]},{\"@type\":\"WebSite\",\"@id\":\"http:\/\/ex.lll.tum.de.devweb.mwn.de\/#website\",\"url\":\"http:\/\/ex.lll.tum.de.devweb.mwn.de\/\",\"name\":\"TUM Executive &amp; Professional Education\",\"description\":\"\",\"potentialAction\":[{\"@type\":\"SearchAction\",\"target\":{\"@type\":\"EntryPoint\",\"urlTemplate\":\"http:\/\/ex.lll.tum.de.devweb.mwn.de\/?s={search_term_string}\"},\"query-input\":\"required name=search_term_string\"}],\"inLanguage\":\"de\"},{\"@type\":\"Person\",\"@id\":\"http:\/\/ex.lll.tum.de.devweb.mwn.de\/#\/schema\/person\/ff4286507e6ec473c1121f8222a24473\",\"name\":\"360VIER\",\"image\":{\"@type\":\"ImageObject\",\"inLanguage\":\"de\",\"@id\":\"http:\/\/ex.lll.tum.de.devweb.mwn.de\/#\/schema\/person\/image\/\",\"url\":\"http:\/\/1.gravatar.com\/avatar\/722bebb8c4efc7ea81eaaf453d9dca3b?s=96&d=mm&r=g\",\"contentUrl\":\"http:\/\/1.gravatar.com\/avatar\/722bebb8c4efc7ea81eaaf453d9dca3b?s=96&d=mm&r=g\",\"caption\":\"360VIER\"}}]}<\/script>\n<!-- \/ Yoast SEO Premium plugin. -->","yoast_head_json":{"title":"Die Exzellenz Botschafterin \u2013 Unsere Vizepr\u00e4sidentin f\u00fcr Talent Management & Diversity der TUM Prof. Dr. Claudia Peus wurde unter die \u201c40 over 40\u201d gew\u00e4hlt - TUM Executive &amp; Professional Education","robots":{"index":"noindex","follow":"follow","max-snippet":"max-snippet:-1","max-image-preview":"max-image-preview:large","max-video-preview":"max-video-preview:-1"},"og_locale":"de_DE","og_type":"article","og_title":"Die Exzellenz Botschafterin \u2013 Unsere Vizepr\u00e4sidentin f\u00fcr Talent Management & Diversity der TUM Prof. Dr. Claudia Peus wurde unter die \u201c40 over 40\u201d gew\u00e4hlt","og_description":"\u201e40 over 40\u201c \u2013 das sind vierzig au\u00dfergew\u00f6hnliche Frauen, die von \u201eFemaleOneZero\u201c als Vorbilder f\u00fcr alle Altersklassen ausgew\u00e4hlt wurden. Mit dabei ist dieses Jahr Prof. Dr. Claudia Peus, die als \u2026 Read More here","og_url":"http:\/\/ex.lll.tum.de.devweb.mwn.de\/de\/die-exzellenz-botschafterin-unsere-vizepraesidentin-fuer-talent-management-diversity-der-tum-prof-dr-claudia-peus-wurde-unter-die-40-over-40-gewaehlt\/","og_site_name":"TUM Executive &amp; Professional Education","article_published_time":"2020-04-08T09:58:11+00:00","article_modified_time":"2020-04-15T12:32:51+00:00","og_image":[{"width":300,"height":193,"url":"http:\/\/ex.lll.tum.de.devweb.mwn.de\/wp-content\/uploads\/2020\/04\/Claudia-Peus.jpg","type":"image\/jpeg"}],"author":"360VIER","twitter_card":"summary_large_image","twitter_misc":{"Verfasst von":"360VIER","Gesch\u00e4tzte Lesezeit":"1\u00a0Minute"},"schema":{"@context":"https:\/\/schema.org","@graph":[{"@type":"WebPage","@id":"http:\/\/ex.lll.tum.de.devweb.mwn.de\/de\/die-exzellenz-botschafterin-unsere-vizepraesidentin-fuer-talent-management-diversity-der-tum-prof-dr-claudia-peus-wurde-unter-die-40-over-40-gewaehlt\/","url":"http:\/\/ex.lll.tum.de.devweb.mwn.de\/de\/die-exzellenz-botschafterin-unsere-vizepraesidentin-fuer-talent-management-diversity-der-tum-prof-dr-claudia-peus-wurde-unter-die-40-over-40-gewaehlt\/","name":"Die Exzellenz Botschafterin \u2013 Unsere Vizepr\u00e4sidentin f\u00fcr Talent Management & Diversity der TUM Prof. Dr. Claudia Peus wurde unter die \u201c40 over 40\u201d gew\u00e4hlt - TUM Executive &amp; Professional Education","isPartOf":{"@id":"http:\/\/ex.lll.tum.de.devweb.mwn.de\/#website"},"datePublished":"2020-04-08T09:58:11+00:00","dateModified":"2020-04-15T12:32:51+00:00","author":{"@id":"http:\/\/ex.lll.tum.de.devweb.mwn.de\/#\/schema\/person\/ff4286507e6ec473c1121f8222a24473"},"breadcrumb":{"@id":"http:\/\/ex.lll.tum.de.devweb.mwn.de\/de\/die-exzellenz-botschafterin-unsere-vizepraesidentin-fuer-talent-management-diversity-der-tum-prof-dr-claudia-peus-wurde-unter-die-40-over-40-gewaehlt\/#breadcrumb"},"inLanguage":"de","potentialAction":[{"@type":"ReadAction","target":["http:\/\/ex.lll.tum.de.devweb.mwn.de\/de\/die-exzellenz-botschafterin-unsere-vizepraesidentin-fuer-talent-management-diversity-der-tum-prof-dr-claudia-peus-wurde-unter-die-40-over-40-gewaehlt\/"]}]},{"@type":"BreadcrumbList","@id":"http:\/\/ex.lll.tum.de.devweb.mwn.de\/de\/die-exzellenz-botschafterin-unsere-vizepraesidentin-fuer-talent-management-diversity-der-tum-prof-dr-claudia-peus-wurde-unter-die-40-over-40-gewaehlt\/#breadcrumb","itemListElement":[{"@type":"ListItem","position":1,"name":"Home","item":"http:\/\/ex.lll.tum.de.devweb.mwn.de\/de\/"},{"@type":"ListItem","position":2,"name":"Die Exzellenz Botschafterin \u2013 Unsere Vizepr\u00e4sidentin f\u00fcr Talent Management &#038; Diversity der TUM Prof. Dr. Claudia Peus wurde unter die \u201c40 over 40\u201d gew\u00e4hlt"}]},{"@type":"WebSite","@id":"http:\/\/ex.lll.tum.de.devweb.mwn.de\/#website","url":"http:\/\/ex.lll.tum.de.devweb.mwn.de\/","name":"TUM Executive &amp; Professional Education","description":"","potentialAction":[{"@type":"SearchAction","target":{"@type":"EntryPoint","urlTemplate":"http:\/\/ex.lll.tum.de.devweb.mwn.de\/?s={search_term_string}"},"query-input":"required name=search_term_string"}],"inLanguage":"de"},{"@type":"Person","@id":"http:\/\/ex.lll.tum.de.devweb.mwn.de\/#\/schema\/person\/ff4286507e6ec473c1121f8222a24473","name":"360VIER","image":{"@type":"ImageObject","inLanguage":"de","@id":"http:\/\/ex.lll.tum.de.devweb.mwn.de\/#\/schema\/person\/image\/","url":"http:\/\/1.gravatar.com\/avatar\/722bebb8c4efc7ea81eaaf453d9dca3b?s=96&d=mm&r=g","contentUrl":"http:\/\/1.gravatar.com\/avatar\/722bebb8c4efc7ea81eaaf453d9dca3b?s=96&d=mm&r=g","caption":"360VIER"}}]}},"_links":{"self":[{"href":"http:\/\/ex.lll.tum.de.devweb.mwn.de\/de\/wp-json\/wp\/v2\/posts\/50924"}],"collection":[{"href":"http:\/\/ex.lll.tum.de.devweb.mwn.de\/de\/wp-json\/wp\/v2\/posts"}],"about":[{"href":"http:\/\/ex.lll.tum.de.devweb.mwn.de\/de\/wp-json\/wp\/v2\/types\/post"}],"author":[{"embeddable":true,"href":"http:\/\/ex.lll.tum.de.devweb.mwn.de\/de\/wp-json\/wp\/v2\/users\/26"}],"replies":[{"embeddable":true,"href":"http:\/\/ex.lll.tum.de.devweb.mwn.de\/de\/wp-json\/wp\/v2\/comments?post=50924"}],"version-history":[{"count":0,"href":"http:\/\/ex.lll.tum.de.devweb.mwn.de\/de\/wp-json\/wp\/v2\/posts\/50924\/revisions"}],"wp:featuredmedia":[{"embeddable":true,"href":"http:\/\/ex.lll.tum.de.devweb.mwn.de\/de\/wp-json\/wp\/v2\/media\/50873"}],"wp:attachment":[{"href":"http:\/\/ex.lll.tum.de.devweb.mwn.de\/de\/wp-json\/wp\/v2\/media?parent=50924"}],"wp:term":[{"taxonomy":"category","embeddable":true,"href":"http:\/\/ex.lll.tum.de.devweb.mwn.de\/de\/wp-json\/wp\/v2\/categories?post=50924"},{"taxonomy":"post_tag","embeddable":true,"href":"http:\/\/ex.lll.tum.de.devweb.mwn.de\/de\/wp-json\/wp\/v2\/tags?post=50924"}],"curies":[{"name":"wp","href":"https:\/\/api.w.org\/{rel}","templated":true}]}}