{"id":49366,"date":"2020-02-27T12:43:10","date_gmt":"2020-02-27T12:43:10","guid":{"rendered":"https:\/\/www.lll.tum.de.devweb.mwn.de\/?p=49366"},"modified":"2020-04-15T12:33:00","modified_gmt":"2020-04-15T12:33:00","slug":"unter-druck","status":"publish","type":"post","link":"http:\/\/ex.lll.tum.de.devweb.mwn.de\/de\/unter-druck\/","title":{"rendered":"Unter Druck"},"content":{"rendered":"<p>Als Teil unseres Februar-Moduls zum &#8220;Stakeholder-Management&#8221; haben wir unsere Executive MBA Studierenden in einer simulierten Finanz-Pressekonferenz auf Herz und Nieren gepr\u00fcft. Unter der Leitung des Kommunikationsexperten Rainer Westermann \u00fcbernahmen unsere Studierenden die Rollen des Vorstands, der Kommunikationsabteilung und der eifrigen Presse.<\/p>\n<p>In perfekter Erg\u00e4nzung zu den vorhergehenden Lehrveranstaltungen \u00fcber den Umgang mit Finanzakteuren konnten unsere EMBAs das am Vormittag Gelernte und Diskutierte aktiv anwenden. Das Rollenspiel machte allen Spa\u00df &#8211; insbesondere den Studierenden, die die Rolle der Medien \u00fcbernahmen, da sie den Vorstand mit Begeisterung \u00fcber ihre schwierige finanzielle Situation befragten. Herr Westermann hat die Sitzung hervorragend moderiert, indem er in bestimmten Momenten eingriff, um die Reaktion zu verfeinern, Ratschl\u00e4ge zum Umgang mit schwierigen Pressefragen zu geben und Beispiele aus seiner profunden Erfahrung in der Unternehmenskommunikation zu geben. Aktiv, herausfordernd und praxisbezogen &#8211; ein weiteres Beispiel daf\u00fcr, wie wir an der TUM School of Management die Br\u00fccke zwischen Theorie und Praxis schlagen, die unseren Executive MBA so einzigartig macht.<\/p>\n<p>Informieren Sie sich zu unseren <a href=\"http:\/\/ex.lll.tum.de.devweb.mwn.de\/executive-mbas\/\" target=\"_blank\" rel=\"noopener noreferrer\">Executive MBAs.<\/a><\/p>\n","protected":false},"excerpt":{"rendered":"<p>Als Teil unseres Februar-Moduls zum &#8220;Stakeholder-Management&#8221; haben wir unsere Executive MBA Studierenden in einer simulierten Finanz-Pressekonferenz auf Herz und Nieren gepr\u00fcft. Unter der Leitung des Kommunikationsexperten Rainer Westermann \u00fcbernahmen unsere \u2026 <br \/>Read More here <i class=\"icon-icn_tum_internlink\"><\/i><\/p>\n","protected":false},"author":65,"featured_media":49351,"comment_status":"closed","ping_status":"open","sticky":false,"template":"","format":"standard","meta":[],"categories":[176],"tags":[],"acf":[],"yoast_head":"<!-- This site is optimized with the Yoast SEO Premium plugin v19.5 (Yoast SEO v19.10) - https:\/\/yoast.com\/wordpress\/plugins\/seo\/ -->\n<title>Unter Druck - TUM Executive &amp; Professional Education<\/title>\n<meta name=\"description\" content=\"Als Teil unseres Februar-Moduls zum &quot;Stakeholder-Management&quot; haben wir unsere Studierenden in einer simulierten Finanz-Pressekonferenz auf Herz und Nieren gepr\u00fcft. Unter der Leitung des Kommunikationsexperten Rainer Westermann \u00fcbernahmen unsere Studierenden die Rollen des Vorstands, der Kommunikationsabteilung und der eifrigen Presse.\" \/>\n<meta name=\"robots\" content=\"noindex, follow, max-snippet:-1, max-image-preview:large, max-video-preview:-1\" \/>\n<meta property=\"og:locale\" content=\"de_DE\" \/>\n<meta property=\"og:type\" content=\"article\" \/>\n<meta property=\"og:title\" content=\"Unter Druck\" \/>\n<meta property=\"og:description\" content=\"Als Teil unseres Februar-Moduls zum &quot;Stakeholder-Management&quot; haben wir unsere Studierenden in einer simulierten Finanz-Pressekonferenz auf Herz und Nieren gepr\u00fcft. Unter der Leitung des Kommunikationsexperten Rainer Westermann \u00fcbernahmen unsere Studierenden die Rollen des Vorstands, der Kommunikationsabteilung und der eifrigen Presse.\" \/>\n<meta property=\"og:url\" content=\"http:\/\/ex.lll.tum.de.devweb.mwn.de\/de\/unter-druck\/\" \/>\n<meta property=\"og:site_name\" content=\"TUM Executive &amp; Professional Education\" \/>\n<meta property=\"article:published_time\" content=\"2020-02-27T12:43:10+00:00\" \/>\n<meta property=\"article:modified_time\" content=\"2020-04-15T12:33:00+00:00\" \/>\n<meta property=\"og:image\" content=\"http:\/\/ex.lll.tum.de.devweb.mwn.de\/wp-content\/uploads\/2020\/02\/Photo-by-Kane-Reinholdtsen-on-Unsplash.jpg\" \/>\n\t<meta property=\"og:image:width\" content=\"1050\" \/>\n\t<meta property=\"og:image:height\" content=\"700\" \/>\n\t<meta property=\"og:image:type\" content=\"image\/jpeg\" \/>\n<meta name=\"author\" content=\"Anja Muckenfu\u00df\" \/>\n<meta name=\"twitter:card\" content=\"summary_large_image\" \/>\n<meta name=\"twitter:label1\" content=\"Verfasst von\" \/>\n\t<meta name=\"twitter:data1\" content=\"Anja Muckenfu\u00df\" \/>\n\t<meta name=\"twitter:label2\" content=\"Gesch\u00e4tzte Lesezeit\" \/>\n\t<meta name=\"twitter:data2\" content=\"1\u00a0Minute\" \/>\n<script type=\"application\/ld+json\" class=\"yoast-schema-graph\">{\"@context\":\"https:\/\/schema.org\",\"@graph\":[{\"@type\":\"WebPage\",\"@id\":\"http:\/\/ex.lll.tum.de.devweb.mwn.de\/de\/unter-druck\/\",\"url\":\"http:\/\/ex.lll.tum.de.devweb.mwn.de\/de\/unter-druck\/\",\"name\":\"Unter Druck - TUM Executive &amp; Professional Education\",\"isPartOf\":{\"@id\":\"http:\/\/ex.lll.tum.de.devweb.mwn.de\/#website\"},\"datePublished\":\"2020-02-27T12:43:10+00:00\",\"dateModified\":\"2020-04-15T12:33:00+00:00\",\"author\":{\"@id\":\"http:\/\/ex.lll.tum.de.devweb.mwn.de\/#\/schema\/person\/ee55455c205b76ba846655f494050148\"},\"description\":\"Als Teil unseres Februar-Moduls zum \\\"Stakeholder-Management\\\" haben wir unsere Studierenden in einer simulierten Finanz-Pressekonferenz auf Herz und Nieren gepr\u00fcft. Unter der Leitung des Kommunikationsexperten Rainer Westermann \u00fcbernahmen unsere Studierenden die Rollen des Vorstands, der Kommunikationsabteilung und der eifrigen Presse.\",\"breadcrumb\":{\"@id\":\"http:\/\/ex.lll.tum.de.devweb.mwn.de\/de\/unter-druck\/#breadcrumb\"},\"inLanguage\":\"de\",\"potentialAction\":[{\"@type\":\"ReadAction\",\"target\":[\"http:\/\/ex.lll.tum.de.devweb.mwn.de\/de\/unter-druck\/\"]}]},{\"@type\":\"BreadcrumbList\",\"@id\":\"http:\/\/ex.lll.tum.de.devweb.mwn.de\/de\/unter-druck\/#breadcrumb\",\"itemListElement\":[{\"@type\":\"ListItem\",\"position\":1,\"name\":\"Home\",\"item\":\"http:\/\/ex.lll.tum.de.devweb.mwn.de\/de\/\"},{\"@type\":\"ListItem\",\"position\":2,\"name\":\"Unter Druck\"}]},{\"@type\":\"WebSite\",\"@id\":\"http:\/\/ex.lll.tum.de.devweb.mwn.de\/#website\",\"url\":\"http:\/\/ex.lll.tum.de.devweb.mwn.de\/\",\"name\":\"TUM Executive &amp; Professional Education\",\"description\":\"\",\"potentialAction\":[{\"@type\":\"SearchAction\",\"target\":{\"@type\":\"EntryPoint\",\"urlTemplate\":\"http:\/\/ex.lll.tum.de.devweb.mwn.de\/?s={search_term_string}\"},\"query-input\":\"required name=search_term_string\"}],\"inLanguage\":\"de\"},{\"@type\":\"Person\",\"@id\":\"http:\/\/ex.lll.tum.de.devweb.mwn.de\/#\/schema\/person\/ee55455c205b76ba846655f494050148\",\"name\":\"Anja Muckenfu\u00df\",\"image\":{\"@type\":\"ImageObject\",\"inLanguage\":\"de\",\"@id\":\"http:\/\/ex.lll.tum.de.devweb.mwn.de\/#\/schema\/person\/image\/\",\"url\":\"http:\/\/1.gravatar.com\/avatar\/aea71070b95c8feaac94512175db4818?s=96&d=mm&r=g\",\"contentUrl\":\"http:\/\/1.gravatar.com\/avatar\/aea71070b95c8feaac94512175db4818?s=96&d=mm&r=g\",\"caption\":\"Anja Muckenfu\u00df\"}}]}<\/script>\n<!-- \/ Yoast SEO Premium plugin. -->","yoast_head_json":{"title":"Unter Druck - TUM Executive &amp; Professional Education","description":"Als Teil unseres Februar-Moduls zum \"Stakeholder-Management\" haben wir unsere Studierenden in einer simulierten Finanz-Pressekonferenz auf Herz und Nieren gepr\u00fcft. Unter der Leitung des Kommunikationsexperten Rainer Westermann \u00fcbernahmen unsere Studierenden die Rollen des Vorstands, der Kommunikationsabteilung und der eifrigen Presse.","robots":{"index":"noindex","follow":"follow","max-snippet":"max-snippet:-1","max-image-preview":"max-image-preview:large","max-video-preview":"max-video-preview:-1"},"og_locale":"de_DE","og_type":"article","og_title":"Unter Druck","og_description":"Als Teil unseres Februar-Moduls zum \"Stakeholder-Management\" haben wir unsere Studierenden in einer simulierten Finanz-Pressekonferenz auf Herz und Nieren gepr\u00fcft. Unter der Leitung des Kommunikationsexperten Rainer Westermann \u00fcbernahmen unsere Studierenden die Rollen des Vorstands, der Kommunikationsabteilung und der eifrigen Presse.","og_url":"http:\/\/ex.lll.tum.de.devweb.mwn.de\/de\/unter-druck\/","og_site_name":"TUM Executive &amp; Professional Education","article_published_time":"2020-02-27T12:43:10+00:00","article_modified_time":"2020-04-15T12:33:00+00:00","og_image":[{"width":1050,"height":700,"url":"http:\/\/ex.lll.tum.de.devweb.mwn.de\/wp-content\/uploads\/2020\/02\/Photo-by-Kane-Reinholdtsen-on-Unsplash.jpg","type":"image\/jpeg"}],"author":"Anja Muckenfu\u00df","twitter_card":"summary_large_image","twitter_misc":{"Verfasst von":"Anja Muckenfu\u00df","Gesch\u00e4tzte Lesezeit":"1\u00a0Minute"},"schema":{"@context":"https:\/\/schema.org","@graph":[{"@type":"WebPage","@id":"http:\/\/ex.lll.tum.de.devweb.mwn.de\/de\/unter-druck\/","url":"http:\/\/ex.lll.tum.de.devweb.mwn.de\/de\/unter-druck\/","name":"Unter Druck - TUM Executive &amp; Professional Education","isPartOf":{"@id":"http:\/\/ex.lll.tum.de.devweb.mwn.de\/#website"},"datePublished":"2020-02-27T12:43:10+00:00","dateModified":"2020-04-15T12:33:00+00:00","author":{"@id":"http:\/\/ex.lll.tum.de.devweb.mwn.de\/#\/schema\/person\/ee55455c205b76ba846655f494050148"},"description":"Als Teil unseres Februar-Moduls zum \"Stakeholder-Management\" haben wir unsere Studierenden in einer simulierten Finanz-Pressekonferenz auf Herz und Nieren gepr\u00fcft. Unter der Leitung des Kommunikationsexperten Rainer Westermann \u00fcbernahmen unsere Studierenden die Rollen des Vorstands, der Kommunikationsabteilung und der eifrigen Presse.","breadcrumb":{"@id":"http:\/\/ex.lll.tum.de.devweb.mwn.de\/de\/unter-druck\/#breadcrumb"},"inLanguage":"de","potentialAction":[{"@type":"ReadAction","target":["http:\/\/ex.lll.tum.de.devweb.mwn.de\/de\/unter-druck\/"]}]},{"@type":"BreadcrumbList","@id":"http:\/\/ex.lll.tum.de.devweb.mwn.de\/de\/unter-druck\/#breadcrumb","itemListElement":[{"@type":"ListItem","position":1,"name":"Home","item":"http:\/\/ex.lll.tum.de.devweb.mwn.de\/de\/"},{"@type":"ListItem","position":2,"name":"Unter Druck"}]},{"@type":"WebSite","@id":"http:\/\/ex.lll.tum.de.devweb.mwn.de\/#website","url":"http:\/\/ex.lll.tum.de.devweb.mwn.de\/","name":"TUM Executive &amp; Professional Education","description":"","potentialAction":[{"@type":"SearchAction","target":{"@type":"EntryPoint","urlTemplate":"http:\/\/ex.lll.tum.de.devweb.mwn.de\/?s={search_term_string}"},"query-input":"required name=search_term_string"}],"inLanguage":"de"},{"@type":"Person","@id":"http:\/\/ex.lll.tum.de.devweb.mwn.de\/#\/schema\/person\/ee55455c205b76ba846655f494050148","name":"Anja Muckenfu\u00df","image":{"@type":"ImageObject","inLanguage":"de","@id":"http:\/\/ex.lll.tum.de.devweb.mwn.de\/#\/schema\/person\/image\/","url":"http:\/\/1.gravatar.com\/avatar\/aea71070b95c8feaac94512175db4818?s=96&d=mm&r=g","contentUrl":"http:\/\/1.gravatar.com\/avatar\/aea71070b95c8feaac94512175db4818?s=96&d=mm&r=g","caption":"Anja Muckenfu\u00df"}}]}},"_links":{"self":[{"href":"http:\/\/ex.lll.tum.de.devweb.mwn.de\/de\/wp-json\/wp\/v2\/posts\/49366"}],"collection":[{"href":"http:\/\/ex.lll.tum.de.devweb.mwn.de\/de\/wp-json\/wp\/v2\/posts"}],"about":[{"href":"http:\/\/ex.lll.tum.de.devweb.mwn.de\/de\/wp-json\/wp\/v2\/types\/post"}],"author":[{"embeddable":true,"href":"http:\/\/ex.lll.tum.de.devweb.mwn.de\/de\/wp-json\/wp\/v2\/users\/65"}],"replies":[{"embeddable":true,"href":"http:\/\/ex.lll.tum.de.devweb.mwn.de\/de\/wp-json\/wp\/v2\/comments?post=49366"}],"version-history":[{"count":0,"href":"http:\/\/ex.lll.tum.de.devweb.mwn.de\/de\/wp-json\/wp\/v2\/posts\/49366\/revisions"}],"wp:featuredmedia":[{"embeddable":true,"href":"http:\/\/ex.lll.tum.de.devweb.mwn.de\/de\/wp-json\/wp\/v2\/media\/49351"}],"wp:attachment":[{"href":"http:\/\/ex.lll.tum.de.devweb.mwn.de\/de\/wp-json\/wp\/v2\/media?parent=49366"}],"wp:term":[{"taxonomy":"category","embeddable":true,"href":"http:\/\/ex.lll.tum.de.devweb.mwn.de\/de\/wp-json\/wp\/v2\/categories?post=49366"},{"taxonomy":"post_tag","embeddable":true,"href":"http:\/\/ex.lll.tum.de.devweb.mwn.de\/de\/wp-json\/wp\/v2\/tags?post=49366"}],"curies":[{"name":"wp","href":"https:\/\/api.w.org\/{rel}","templated":true}]}}