{"id":36679,"date":"2019-09-27T09:25:29","date_gmt":"2019-09-27T09:25:29","guid":{"rendered":"https:\/\/www.lll.tum.de.devweb.mwn.de\/?p=36679"},"modified":"2019-09-30T10:46:49","modified_gmt":"2019-09-30T10:46:49","slug":"ausstellung-zur-eroeffnung-des-extended-reality-labs-auf-dem-tum-campus-heilbronn","status":"publish","type":"post","link":"http:\/\/ex.lll.tum.de.devweb.mwn.de\/de\/ausstellung-zur-eroeffnung-des-extended-reality-labs-auf-dem-tum-campus-heilbronn\/","title":{"rendered":"Ausstellung zur Er\u00f6ffnung des Extended Reality Labs auf dem TUM Campus Heilbronn"},"content":{"rendered":"<p>Am 10. Oktober 2019 er\u00f6ffnet die TUM School of Management das Extended Reality Lab am Campus Heilbronn mit einer Ausstellung in Kooperation mit dem TUM Center for Digital Leadership Development (TUM CDLD). Besucher\/-innen wird die unmittelbare Erfahrung von Virtual Reality und Augmented Reality Technologien sowie ein Einblick in deren Anwendungen in der Ausbildung von F\u00fchrungskr\u00e4ften erm\u00f6glicht. Der Eintritt ist kostenlos und die Er\u00f6ffnungsfeier steht der breiten \u00d6ffentlichkeit auf dem TUM Campus Heilbronn offen.<\/p>\n<p>Das TUM CDLD entwickelt in enger Zusammenarbeit mit diversen Interessengruppen, Experten und Nutzern Prototypen f\u00fcr neue Formate und Dienstleistungen zur Verbesserung der Lehre und des Lernens. Die Prototypen sollen die zuk\u00fcnftige Ausrichtung der TUM als St\u00e4tte des lebenslangen Lernens bereichern und die Formate f\u00fcr die gesamte Universit\u00e4t nutzbar werden. Unter den angewandten Technologien befinden sich u.a. Virtual Reality und Augmented Reality sowie interaktive Medien und Online-Lernumgebungen.<\/p>\n<p>Die Er\u00f6ffnungsausstellung zeigt aktuelle Modellverfahren und neue Anwendungen von Partnern aus Wirtschaft und Lehre. Die Exponate wurden am TUM CDLD entwickelt, welches von der TUM Vizepr\u00e4sidentin f\u00fcr Talentmanagement und Diversity, Prof. Dr. Claudia Peus, geleitet wird. Die interaktive Ausstellung umfasst:<\/p>\n<ul>\n<li>360\u00b0 Leadership-Videos. Produziert vom TUM CDLD<\/li>\n<li>Digital Coach Emma. Koproduziert vom TUM CDLD und Everskill<\/li>\n<li>Analyse und Training charismatischen Sprachverhaltens. Eine Kooperation des TUM CDLD und der University of Southern Denmark<\/li>\n<li>Coaching mit Avataren im virtuellen Raum. In Kooperation mit dem UniTyLab Heilbronn<\/li>\n<li>VR-unterst\u00fctztes mentales Training mit Neuro-Feedback (EEG). Eine Kooperation des TUM CDLD und brainboost.<\/li>\n<li>R\u00e4ume als unbeschriebene Bl\u00e4tter. Malen im virtuellen Raum<\/li>\n<\/ul>\n<p>Die Ausstellung ist Teil der Langen Nacht der Wissenschaften auf dem Bildungscampus der Dieter-Schwarz-Stiftung in Heilbronn, dem mittlerweile neun Bildungseinrichtungen angeh\u00f6ren. Um diese Vielfalt zu pr\u00e4sentieren, haben alle Institutionen ein buntes Programm mit Vortr\u00e4gen, Workshops und Installationen initiiert, dass das gesamte Spektrum an Wissen und Weiterbildung, das auf dem Bildungscampus herrscht, widerspiegeln soll. Neben der Ausstellung erwartet die G\u00e4ste eine Reihe von Impulsvortr\u00e4gen zu den Schwerpunktthemen F\u00fchrungskr\u00e4ftetraining und digitale Lerntechnologien:<\/p>\n<p>20.15 Uhr \/\/ \u201eImmersives Lernen in virtuellen R\u00e4umen \u2013 Die Er\u00f6ffnung des TUM Extended Reality Lab am Campus Heilbronn.\u201c Sprecher: Prof. Helmut Krcmar (TUM Campus Heilbronn), Dr. Emanuel Schreiner (TUM CDLD), Thomas M\u00fcnch (TUM CDLD) und Karina Piersig (XR-LAB Heilbronn)<\/p>\n<p>20.45 Uhr \/\/ \u201eInteraktion zwischen Menschen &amp; Computer: Ein wichtiger Aspekt der digitalen Transformation.\u201c Sprecher: Prof. Gerrit Meixner (UniTyLab Heilbronn)<\/p>\n<p>21.15 Uhr \/\/ \u201eWas F\u00fchrungskr\u00e4fte von Top-Athleten lernen k\u00f6nnen.\u201c Sprecher: Dr. Daniel Schmelzer (Everskill GmbH)<\/p>\n<p>21.45 Uhr \/\/ \u201eDer Weg zur mitrei\u00dfenden Stimmlage: Analyse und Training charismatischer Stimmen rund um die Welt.\u201c Sprecher: Prof. Oliver Niebuhr (University of Southern Denmark)<\/p>\n<p>22.15 Uhr \/\/ \u201eDas Gehirn in VR: Virtual Reality im Jetzt erleben.\u201c Sprecher: Romina Schwippl und Thy-Diep (Yip) Ta (brainboost)<\/p>\n<p>22.45 Uhr \/\/ \u201eEdTech Start-Ups. Die Zukunft neu erfinden.\u201c Sprecher: Tim Lampe (CampusFounders)<\/p>\n<p>&nbsp;<\/p>\n<p>:::::::::::::::::::::::::::::::::::::::::::::::::<\/p>\n<p><strong>TUM XR LAB Er\u00f6ffnungsevent <\/strong><\/p>\n<ol start=\"10\">\n<li>Oktober 2019, 19.00 &#8211; 23.00 Uhr<\/li>\n<\/ol>\n<p>Am Bildungscampus 3<\/p>\n<p>74076 Heilbronn<\/p>\n<p>Geb\u00e4ude L, 1. Kellergescho\u00df<\/p>\n<p>&nbsp;<\/p>\n<p>Kontakt: Karina Piersig<\/p>\n<p>E-Mail: <a href=\"mailto:karina.piersig@tum.de\">karina.piersig@tum.de<\/a><\/p>\n<p>Telefon: 07131 \u2013 26418306<\/p>\n<p><img loading=\"lazy\" class=\"size-medium wp-image-36643 aligncenter\" src=\"https:\/\/lll.tum.de\/wp-content\/uploads\/2019\/09\/XR-Lab-300x249.jpg\" alt=\"\" width=\"300\" height=\"249\" srcset=\"http:\/\/ex.lll.tum.de.devweb.mwn.de\/wp-content\/uploads\/2019\/09\/XR-Lab-300x249.jpg 300w, http:\/\/ex.lll.tum.de.devweb.mwn.de\/wp-content\/uploads\/2019\/09\/XR-Lab-768x637.jpg 768w, http:\/\/ex.lll.tum.de.devweb.mwn.de\/wp-content\/uploads\/2019\/09\/XR-Lab-1024x849.jpg 1024w, http:\/\/ex.lll.tum.de.devweb.mwn.de\/wp-content\/uploads\/2019\/09\/XR-Lab-480x398.jpg 480w\" sizes=\"(max-width: 300px) 100vw, 300px\" \/><\/p>\n","protected":false},"excerpt":{"rendered":"<p>Am 10. Oktober 2019 er\u00f6ffnet die TUM School of Management das Extended Reality Lab am Campus Heilbronn mit einer Ausstellung in Kooperation mit dem TUM Center for Digital Leadership Development \u2026 <br \/>Read More here <i class=\"icon-icn_tum_internlink\"><\/i><\/p>\n","protected":false},"author":26,"featured_media":36643,"comment_status":"closed","ping_status":"open","sticky":false,"template":"","format":"standard","meta":[],"categories":[215,199],"tags":[],"acf":[],"yoast_head":"<!-- This site is optimized with the Yoast SEO Premium plugin v19.5 (Yoast SEO v19.10) - https:\/\/yoast.com\/wordpress\/plugins\/seo\/ -->\n<title>Ausstellung zur Er\u00f6ffnung des Extended Reality Labs auf dem TUM Campus Heilbronn - TUM Executive &amp; Professional Education<\/title>\n<meta name=\"robots\" content=\"noindex, follow, max-snippet:-1, max-image-preview:large, max-video-preview:-1\" \/>\n<meta property=\"og:locale\" content=\"de_DE\" \/>\n<meta property=\"og:type\" content=\"article\" \/>\n<meta property=\"og:title\" content=\"Ausstellung zur Er\u00f6ffnung des Extended Reality Labs auf dem TUM Campus Heilbronn\" \/>\n<meta property=\"og:description\" content=\"Am 10. Oktober 2019 er\u00f6ffnet die TUM School of Management das Extended Reality Lab am Campus Heilbronn mit einer Ausstellung in Kooperation mit dem TUM Center for Digital Leadership Development \u2026 Read More here\" \/>\n<meta property=\"og:url\" content=\"http:\/\/ex.lll.tum.de.devweb.mwn.de\/de\/ausstellung-zur-eroeffnung-des-extended-reality-labs-auf-dem-tum-campus-heilbronn\/\" \/>\n<meta property=\"og:site_name\" content=\"TUM Executive &amp; Professional Education\" \/>\n<meta property=\"article:published_time\" content=\"2019-09-27T09:25:29+00:00\" \/>\n<meta property=\"article:modified_time\" content=\"2019-09-30T10:46:49+00:00\" \/>\n<meta property=\"og:image\" content=\"http:\/\/ex.lll.tum.de.devweb.mwn.de\/wp-content\/uploads\/2019\/09\/XR-Lab.jpg\" \/>\n\t<meta property=\"og:image:width\" content=\"3000\" \/>\n\t<meta property=\"og:image:height\" content=\"2488\" \/>\n\t<meta property=\"og:image:type\" content=\"image\/jpeg\" \/>\n<meta name=\"author\" content=\"360VIER\" \/>\n<meta name=\"twitter:card\" content=\"summary_large_image\" \/>\n<meta name=\"twitter:label1\" content=\"Verfasst von\" \/>\n\t<meta name=\"twitter:data1\" content=\"360VIER\" \/>\n\t<meta name=\"twitter:label2\" content=\"Gesch\u00e4tzte Lesezeit\" \/>\n\t<meta name=\"twitter:data2\" content=\"2\u00a0Minuten\" \/>\n<script type=\"application\/ld+json\" class=\"yoast-schema-graph\">{\"@context\":\"https:\/\/schema.org\",\"@graph\":[{\"@type\":\"WebPage\",\"@id\":\"http:\/\/ex.lll.tum.de.devweb.mwn.de\/de\/ausstellung-zur-eroeffnung-des-extended-reality-labs-auf-dem-tum-campus-heilbronn\/\",\"url\":\"http:\/\/ex.lll.tum.de.devweb.mwn.de\/de\/ausstellung-zur-eroeffnung-des-extended-reality-labs-auf-dem-tum-campus-heilbronn\/\",\"name\":\"Ausstellung zur Er\u00f6ffnung des Extended Reality Labs auf dem TUM Campus Heilbronn - TUM Executive &amp; Professional Education\",\"isPartOf\":{\"@id\":\"http:\/\/ex.lll.tum.de.devweb.mwn.de\/#website\"},\"datePublished\":\"2019-09-27T09:25:29+00:00\",\"dateModified\":\"2019-09-30T10:46:49+00:00\",\"author\":{\"@id\":\"http:\/\/ex.lll.tum.de.devweb.mwn.de\/#\/schema\/person\/ff4286507e6ec473c1121f8222a24473\"},\"breadcrumb\":{\"@id\":\"http:\/\/ex.lll.tum.de.devweb.mwn.de\/de\/ausstellung-zur-eroeffnung-des-extended-reality-labs-auf-dem-tum-campus-heilbronn\/#breadcrumb\"},\"inLanguage\":\"de\",\"potentialAction\":[{\"@type\":\"ReadAction\",\"target\":[\"http:\/\/ex.lll.tum.de.devweb.mwn.de\/de\/ausstellung-zur-eroeffnung-des-extended-reality-labs-auf-dem-tum-campus-heilbronn\/\"]}]},{\"@type\":\"BreadcrumbList\",\"@id\":\"http:\/\/ex.lll.tum.de.devweb.mwn.de\/de\/ausstellung-zur-eroeffnung-des-extended-reality-labs-auf-dem-tum-campus-heilbronn\/#breadcrumb\",\"itemListElement\":[{\"@type\":\"ListItem\",\"position\":1,\"name\":\"Home\",\"item\":\"http:\/\/ex.lll.tum.de.devweb.mwn.de\/de\/\"},{\"@type\":\"ListItem\",\"position\":2,\"name\":\"Ausstellung zur Er\u00f6ffnung des Extended Reality Labs auf dem TUM Campus Heilbronn\"}]},{\"@type\":\"WebSite\",\"@id\":\"http:\/\/ex.lll.tum.de.devweb.mwn.de\/#website\",\"url\":\"http:\/\/ex.lll.tum.de.devweb.mwn.de\/\",\"name\":\"TUM Executive &amp; Professional Education\",\"description\":\"\",\"potentialAction\":[{\"@type\":\"SearchAction\",\"target\":{\"@type\":\"EntryPoint\",\"urlTemplate\":\"http:\/\/ex.lll.tum.de.devweb.mwn.de\/?s={search_term_string}\"},\"query-input\":\"required name=search_term_string\"}],\"inLanguage\":\"de\"},{\"@type\":\"Person\",\"@id\":\"http:\/\/ex.lll.tum.de.devweb.mwn.de\/#\/schema\/person\/ff4286507e6ec473c1121f8222a24473\",\"name\":\"360VIER\",\"image\":{\"@type\":\"ImageObject\",\"inLanguage\":\"de\",\"@id\":\"http:\/\/ex.lll.tum.de.devweb.mwn.de\/#\/schema\/person\/image\/\",\"url\":\"http:\/\/1.gravatar.com\/avatar\/722bebb8c4efc7ea81eaaf453d9dca3b?s=96&d=mm&r=g\",\"contentUrl\":\"http:\/\/1.gravatar.com\/avatar\/722bebb8c4efc7ea81eaaf453d9dca3b?s=96&d=mm&r=g\",\"caption\":\"360VIER\"}}]}<\/script>\n<!-- \/ Yoast SEO Premium plugin. -->","yoast_head_json":{"title":"Ausstellung zur Er\u00f6ffnung des Extended Reality Labs auf dem TUM Campus Heilbronn - TUM Executive &amp; Professional Education","robots":{"index":"noindex","follow":"follow","max-snippet":"max-snippet:-1","max-image-preview":"max-image-preview:large","max-video-preview":"max-video-preview:-1"},"og_locale":"de_DE","og_type":"article","og_title":"Ausstellung zur Er\u00f6ffnung des Extended Reality Labs auf dem TUM Campus Heilbronn","og_description":"Am 10. Oktober 2019 er\u00f6ffnet die TUM School of Management das Extended Reality Lab am Campus Heilbronn mit einer Ausstellung in Kooperation mit dem TUM Center for Digital Leadership Development \u2026 Read More here","og_url":"http:\/\/ex.lll.tum.de.devweb.mwn.de\/de\/ausstellung-zur-eroeffnung-des-extended-reality-labs-auf-dem-tum-campus-heilbronn\/","og_site_name":"TUM Executive &amp; Professional Education","article_published_time":"2019-09-27T09:25:29+00:00","article_modified_time":"2019-09-30T10:46:49+00:00","og_image":[{"width":3000,"height":2488,"url":"http:\/\/ex.lll.tum.de.devweb.mwn.de\/wp-content\/uploads\/2019\/09\/XR-Lab.jpg","type":"image\/jpeg"}],"author":"360VIER","twitter_card":"summary_large_image","twitter_misc":{"Verfasst von":"360VIER","Gesch\u00e4tzte Lesezeit":"2\u00a0Minuten"},"schema":{"@context":"https:\/\/schema.org","@graph":[{"@type":"WebPage","@id":"http:\/\/ex.lll.tum.de.devweb.mwn.de\/de\/ausstellung-zur-eroeffnung-des-extended-reality-labs-auf-dem-tum-campus-heilbronn\/","url":"http:\/\/ex.lll.tum.de.devweb.mwn.de\/de\/ausstellung-zur-eroeffnung-des-extended-reality-labs-auf-dem-tum-campus-heilbronn\/","name":"Ausstellung zur Er\u00f6ffnung des Extended Reality Labs auf dem TUM Campus Heilbronn - TUM Executive &amp; Professional Education","isPartOf":{"@id":"http:\/\/ex.lll.tum.de.devweb.mwn.de\/#website"},"datePublished":"2019-09-27T09:25:29+00:00","dateModified":"2019-09-30T10:46:49+00:00","author":{"@id":"http:\/\/ex.lll.tum.de.devweb.mwn.de\/#\/schema\/person\/ff4286507e6ec473c1121f8222a24473"},"breadcrumb":{"@id":"http:\/\/ex.lll.tum.de.devweb.mwn.de\/de\/ausstellung-zur-eroeffnung-des-extended-reality-labs-auf-dem-tum-campus-heilbronn\/#breadcrumb"},"inLanguage":"de","potentialAction":[{"@type":"ReadAction","target":["http:\/\/ex.lll.tum.de.devweb.mwn.de\/de\/ausstellung-zur-eroeffnung-des-extended-reality-labs-auf-dem-tum-campus-heilbronn\/"]}]},{"@type":"BreadcrumbList","@id":"http:\/\/ex.lll.tum.de.devweb.mwn.de\/de\/ausstellung-zur-eroeffnung-des-extended-reality-labs-auf-dem-tum-campus-heilbronn\/#breadcrumb","itemListElement":[{"@type":"ListItem","position":1,"name":"Home","item":"http:\/\/ex.lll.tum.de.devweb.mwn.de\/de\/"},{"@type":"ListItem","position":2,"name":"Ausstellung zur Er\u00f6ffnung des Extended Reality Labs auf dem TUM Campus Heilbronn"}]},{"@type":"WebSite","@id":"http:\/\/ex.lll.tum.de.devweb.mwn.de\/#website","url":"http:\/\/ex.lll.tum.de.devweb.mwn.de\/","name":"TUM Executive &amp; Professional Education","description":"","potentialAction":[{"@type":"SearchAction","target":{"@type":"EntryPoint","urlTemplate":"http:\/\/ex.lll.tum.de.devweb.mwn.de\/?s={search_term_string}"},"query-input":"required name=search_term_string"}],"inLanguage":"de"},{"@type":"Person","@id":"http:\/\/ex.lll.tum.de.devweb.mwn.de\/#\/schema\/person\/ff4286507e6ec473c1121f8222a24473","name":"360VIER","image":{"@type":"ImageObject","inLanguage":"de","@id":"http:\/\/ex.lll.tum.de.devweb.mwn.de\/#\/schema\/person\/image\/","url":"http:\/\/1.gravatar.com\/avatar\/722bebb8c4efc7ea81eaaf453d9dca3b?s=96&d=mm&r=g","contentUrl":"http:\/\/1.gravatar.com\/avatar\/722bebb8c4efc7ea81eaaf453d9dca3b?s=96&d=mm&r=g","caption":"360VIER"}}]}},"_links":{"self":[{"href":"http:\/\/ex.lll.tum.de.devweb.mwn.de\/de\/wp-json\/wp\/v2\/posts\/36679"}],"collection":[{"href":"http:\/\/ex.lll.tum.de.devweb.mwn.de\/de\/wp-json\/wp\/v2\/posts"}],"about":[{"href":"http:\/\/ex.lll.tum.de.devweb.mwn.de\/de\/wp-json\/wp\/v2\/types\/post"}],"author":[{"embeddable":true,"href":"http:\/\/ex.lll.tum.de.devweb.mwn.de\/de\/wp-json\/wp\/v2\/users\/26"}],"replies":[{"embeddable":true,"href":"http:\/\/ex.lll.tum.de.devweb.mwn.de\/de\/wp-json\/wp\/v2\/comments?post=36679"}],"version-history":[{"count":0,"href":"http:\/\/ex.lll.tum.de.devweb.mwn.de\/de\/wp-json\/wp\/v2\/posts\/36679\/revisions"}],"wp:featuredmedia":[{"embeddable":true,"href":"http:\/\/ex.lll.tum.de.devweb.mwn.de\/de\/wp-json\/wp\/v2\/media\/36643"}],"wp:attachment":[{"href":"http:\/\/ex.lll.tum.de.devweb.mwn.de\/de\/wp-json\/wp\/v2\/media?parent=36679"}],"wp:term":[{"taxonomy":"category","embeddable":true,"href":"http:\/\/ex.lll.tum.de.devweb.mwn.de\/de\/wp-json\/wp\/v2\/categories?post=36679"},{"taxonomy":"post_tag","embeddable":true,"href":"http:\/\/ex.lll.tum.de.devweb.mwn.de\/de\/wp-json\/wp\/v2\/tags?post=36679"}],"curies":[{"name":"wp","href":"https:\/\/api.w.org\/{rel}","templated":true}]}}