{"id":36632,"date":"2019-09-24T12:00:39","date_gmt":"2019-09-24T12:00:39","guid":{"rendered":"https:\/\/www.lll.tum.de.devweb.mwn.de\/?p=36632"},"modified":"2019-09-24T13:58:03","modified_gmt":"2019-09-24T13:58:03","slug":"bewerbungsphase-zum-certificate-program-employer-brand-manager-laeuft","status":"publish","type":"post","link":"http:\/\/ex.lll.tum.de.devweb.mwn.de\/de\/bewerbungsphase-zum-certificate-program-employer-brand-manager-laeuft\/","title":{"rendered":"Bewerbungsphase zum Certificate Program \u201eEmployer Brand Manager\u201c l\u00e4uft"},"content":{"rendered":"<p>Was bedeuten Digitalisierung und Disruption f\u00fcr Organisationen?\u00a0Wie gewinnen Business Leader und HR Manager in einem komplexen und dynamischen Gesch\u00e4ftsumfeld die besten Nachwuchskr\u00e4fte f\u00fcr sich? Diese Fragen behandelt das <strong>Certificate Program \u201eEmployer Brand Manager\u201c <\/strong>und vermittelt effiziente und koordinierte Strategien f\u00fcr wirksames \u201eEmployer Branding\u201c und Auftritt als starke Arbeitgebermarke.<\/p>\n<p>Anfang November 2019 startet der <strong>Zwei-L\u00e4nder-Zertifikatskurs<\/strong> in Zusammenarbeit mit der <strong>Deutschen Employer Branding Akademie Berlin<\/strong> und der <strong>Wirtschaftsuniversit\u00e4t Wien<\/strong><span style=\"text-decoration: line-through;\">,<\/span> zum 13. Mal<strong>. <\/strong>Vom <strong>8. November 2019 \u2013 15. Februar 2020<\/strong> vertiefen die Teilnehmenden ihre Ausbildung zum <strong>Employer Brand Manager\/in <\/strong>im Rahmen von vier Modulen \u00e0 2 Tagen (jeweils freitags &amp; samstags, ganztags) in Berlin, M\u00fcnchen und Wien.<\/p>\n<p>Hochrangige Dozenten aus Wissenschaft und Wirtschaft erm\u00f6glichen eine fundierte Ausbildung auf hohem akademischem Niveau mit starkem Praxisbezug. Die vier Module geben ein ganzheitliches Verst\u00e4ndnis, um in allen Phasen des Employer Branding Prozesses kompetent zu handeln.<\/p>\n<p>Die Teilnahmegeb\u00fchr betr\u00e4gt 6.800\u20ac und die Bewerbungsphase l\u00e4uft momentan.<\/p>\n<p>Alle weiteren Informationen zum Certificate Program Employer Brand Manager sowie zur Anmeldung finden Sie auf der offiziellen Website des <a href=\"http:\/\/ex.lll.tum.de.devweb.mwn.de\/?post_type=certificate&#038;p=16031\"><strong>Certificate Programs \u201eEmployer Brand Manager\u201c<\/strong><\/a><strong>.<\/strong><\/p>\n<p><img loading=\"lazy\" class=\"size-medium wp-image-36645 aligncenter\" src=\"https:\/\/lll.tum.de\/wp-content\/uploads\/2019\/09\/Admissions-300x197.jpg\" alt=\"\" width=\"300\" height=\"197\" srcset=\"http:\/\/ex.lll.tum.de.devweb.mwn.de\/wp-content\/uploads\/2019\/09\/Admissions-300x197.jpg 300w, http:\/\/ex.lll.tum.de.devweb.mwn.de\/wp-content\/uploads\/2019\/09\/Admissions-768x503.jpg 768w, http:\/\/ex.lll.tum.de.devweb.mwn.de\/wp-content\/uploads\/2019\/09\/Admissions-480x314.jpg 480w, http:\/\/ex.lll.tum.de.devweb.mwn.de\/wp-content\/uploads\/2019\/09\/Admissions.jpg 957w\" sizes=\"(max-width: 300px) 100vw, 300px\" \/><\/p>\n","protected":false},"excerpt":{"rendered":"<p>Was bedeuten Digitalisierung und Disruption f\u00fcr Organisationen?\u00a0Wie gewinnen Business Leader und HR Manager in einem komplexen und dynamischen Gesch\u00e4ftsumfeld die besten Nachwuchskr\u00e4fte f\u00fcr sich? Diese Fragen behandelt das Certificate Program \u2026 <br \/>Read More here <i class=\"icon-icn_tum_internlink\"><\/i><\/p>\n","protected":false},"author":26,"featured_media":36645,"comment_status":"closed","ping_status":"open","sticky":false,"template":"","format":"standard","meta":[],"categories":[199],"tags":[],"acf":[],"yoast_head":"<!-- This site is optimized with the Yoast SEO Premium plugin v19.5 (Yoast SEO v19.10) - https:\/\/yoast.com\/wordpress\/plugins\/seo\/ -->\n<title>Bewerbungsphase zum Certificate Program \u201eEmployer Brand Manager\u201c l\u00e4uft - TUM Executive &amp; Professional Education<\/title>\n<meta name=\"robots\" content=\"noindex, follow, max-snippet:-1, max-image-preview:large, max-video-preview:-1\" \/>\n<meta property=\"og:locale\" content=\"de_DE\" \/>\n<meta property=\"og:type\" content=\"article\" \/>\n<meta property=\"og:title\" content=\"Bewerbungsphase zum Certificate Program \u201eEmployer Brand Manager\u201c l\u00e4uft\" \/>\n<meta property=\"og:description\" content=\"Was bedeuten Digitalisierung und Disruption f\u00fcr Organisationen?\u00a0Wie gewinnen Business Leader und HR Manager in einem komplexen und dynamischen Gesch\u00e4ftsumfeld die besten Nachwuchskr\u00e4fte f\u00fcr sich? Diese Fragen behandelt das Certificate Program \u2026 Read More here\" \/>\n<meta property=\"og:url\" content=\"http:\/\/ex.lll.tum.de.devweb.mwn.de\/de\/bewerbungsphase-zum-certificate-program-employer-brand-manager-laeuft\/\" \/>\n<meta property=\"og:site_name\" content=\"TUM Executive &amp; Professional Education\" \/>\n<meta property=\"article:published_time\" content=\"2019-09-24T12:00:39+00:00\" \/>\n<meta property=\"article:modified_time\" content=\"2019-09-24T13:58:03+00:00\" \/>\n<meta property=\"og:image\" content=\"http:\/\/ex.lll.tum.de.devweb.mwn.de\/wp-content\/uploads\/2019\/09\/Admissions.jpg\" \/>\n\t<meta property=\"og:image:width\" content=\"957\" \/>\n\t<meta property=\"og:image:height\" content=\"627\" \/>\n\t<meta property=\"og:image:type\" content=\"image\/jpeg\" \/>\n<meta name=\"author\" content=\"360VIER\" \/>\n<meta name=\"twitter:card\" content=\"summary_large_image\" \/>\n<meta name=\"twitter:label1\" content=\"Verfasst von\" \/>\n\t<meta name=\"twitter:data1\" content=\"360VIER\" \/>\n\t<meta name=\"twitter:label2\" content=\"Gesch\u00e4tzte Lesezeit\" \/>\n\t<meta name=\"twitter:data2\" content=\"1\u00a0Minute\" \/>\n<script type=\"application\/ld+json\" class=\"yoast-schema-graph\">{\"@context\":\"https:\/\/schema.org\",\"@graph\":[{\"@type\":\"WebPage\",\"@id\":\"http:\/\/ex.lll.tum.de.devweb.mwn.de\/de\/bewerbungsphase-zum-certificate-program-employer-brand-manager-laeuft\/\",\"url\":\"http:\/\/ex.lll.tum.de.devweb.mwn.de\/de\/bewerbungsphase-zum-certificate-program-employer-brand-manager-laeuft\/\",\"name\":\"Bewerbungsphase zum Certificate Program \u201eEmployer Brand Manager\u201c l\u00e4uft - TUM Executive &amp; Professional Education\",\"isPartOf\":{\"@id\":\"http:\/\/ex.lll.tum.de.devweb.mwn.de\/#website\"},\"datePublished\":\"2019-09-24T12:00:39+00:00\",\"dateModified\":\"2019-09-24T13:58:03+00:00\",\"author\":{\"@id\":\"http:\/\/ex.lll.tum.de.devweb.mwn.de\/#\/schema\/person\/ff4286507e6ec473c1121f8222a24473\"},\"breadcrumb\":{\"@id\":\"http:\/\/ex.lll.tum.de.devweb.mwn.de\/de\/bewerbungsphase-zum-certificate-program-employer-brand-manager-laeuft\/#breadcrumb\"},\"inLanguage\":\"de\",\"potentialAction\":[{\"@type\":\"ReadAction\",\"target\":[\"http:\/\/ex.lll.tum.de.devweb.mwn.de\/de\/bewerbungsphase-zum-certificate-program-employer-brand-manager-laeuft\/\"]}]},{\"@type\":\"BreadcrumbList\",\"@id\":\"http:\/\/ex.lll.tum.de.devweb.mwn.de\/de\/bewerbungsphase-zum-certificate-program-employer-brand-manager-laeuft\/#breadcrumb\",\"itemListElement\":[{\"@type\":\"ListItem\",\"position\":1,\"name\":\"Home\",\"item\":\"http:\/\/ex.lll.tum.de.devweb.mwn.de\/de\/\"},{\"@type\":\"ListItem\",\"position\":2,\"name\":\"Bewerbungsphase zum Certificate Program \u201eEmployer Brand Manager\u201c l\u00e4uft\"}]},{\"@type\":\"WebSite\",\"@id\":\"http:\/\/ex.lll.tum.de.devweb.mwn.de\/#website\",\"url\":\"http:\/\/ex.lll.tum.de.devweb.mwn.de\/\",\"name\":\"TUM Executive &amp; Professional Education\",\"description\":\"\",\"potentialAction\":[{\"@type\":\"SearchAction\",\"target\":{\"@type\":\"EntryPoint\",\"urlTemplate\":\"http:\/\/ex.lll.tum.de.devweb.mwn.de\/?s={search_term_string}\"},\"query-input\":\"required name=search_term_string\"}],\"inLanguage\":\"de\"},{\"@type\":\"Person\",\"@id\":\"http:\/\/ex.lll.tum.de.devweb.mwn.de\/#\/schema\/person\/ff4286507e6ec473c1121f8222a24473\",\"name\":\"360VIER\",\"image\":{\"@type\":\"ImageObject\",\"inLanguage\":\"de\",\"@id\":\"http:\/\/ex.lll.tum.de.devweb.mwn.de\/#\/schema\/person\/image\/\",\"url\":\"http:\/\/1.gravatar.com\/avatar\/722bebb8c4efc7ea81eaaf453d9dca3b?s=96&d=mm&r=g\",\"contentUrl\":\"http:\/\/1.gravatar.com\/avatar\/722bebb8c4efc7ea81eaaf453d9dca3b?s=96&d=mm&r=g\",\"caption\":\"360VIER\"}}]}<\/script>\n<!-- \/ Yoast SEO Premium plugin. -->","yoast_head_json":{"title":"Bewerbungsphase zum Certificate Program \u201eEmployer Brand Manager\u201c l\u00e4uft - TUM Executive &amp; Professional Education","robots":{"index":"noindex","follow":"follow","max-snippet":"max-snippet:-1","max-image-preview":"max-image-preview:large","max-video-preview":"max-video-preview:-1"},"og_locale":"de_DE","og_type":"article","og_title":"Bewerbungsphase zum Certificate Program \u201eEmployer Brand Manager\u201c l\u00e4uft","og_description":"Was bedeuten Digitalisierung und Disruption f\u00fcr Organisationen?\u00a0Wie gewinnen Business Leader und HR Manager in einem komplexen und dynamischen Gesch\u00e4ftsumfeld die besten Nachwuchskr\u00e4fte f\u00fcr sich? Diese Fragen behandelt das Certificate Program \u2026 Read More here","og_url":"http:\/\/ex.lll.tum.de.devweb.mwn.de\/de\/bewerbungsphase-zum-certificate-program-employer-brand-manager-laeuft\/","og_site_name":"TUM Executive &amp; Professional Education","article_published_time":"2019-09-24T12:00:39+00:00","article_modified_time":"2019-09-24T13:58:03+00:00","og_image":[{"width":957,"height":627,"url":"http:\/\/ex.lll.tum.de.devweb.mwn.de\/wp-content\/uploads\/2019\/09\/Admissions.jpg","type":"image\/jpeg"}],"author":"360VIER","twitter_card":"summary_large_image","twitter_misc":{"Verfasst von":"360VIER","Gesch\u00e4tzte Lesezeit":"1\u00a0Minute"},"schema":{"@context":"https:\/\/schema.org","@graph":[{"@type":"WebPage","@id":"http:\/\/ex.lll.tum.de.devweb.mwn.de\/de\/bewerbungsphase-zum-certificate-program-employer-brand-manager-laeuft\/","url":"http:\/\/ex.lll.tum.de.devweb.mwn.de\/de\/bewerbungsphase-zum-certificate-program-employer-brand-manager-laeuft\/","name":"Bewerbungsphase zum Certificate Program \u201eEmployer Brand Manager\u201c l\u00e4uft - TUM Executive &amp; Professional Education","isPartOf":{"@id":"http:\/\/ex.lll.tum.de.devweb.mwn.de\/#website"},"datePublished":"2019-09-24T12:00:39+00:00","dateModified":"2019-09-24T13:58:03+00:00","author":{"@id":"http:\/\/ex.lll.tum.de.devweb.mwn.de\/#\/schema\/person\/ff4286507e6ec473c1121f8222a24473"},"breadcrumb":{"@id":"http:\/\/ex.lll.tum.de.devweb.mwn.de\/de\/bewerbungsphase-zum-certificate-program-employer-brand-manager-laeuft\/#breadcrumb"},"inLanguage":"de","potentialAction":[{"@type":"ReadAction","target":["http:\/\/ex.lll.tum.de.devweb.mwn.de\/de\/bewerbungsphase-zum-certificate-program-employer-brand-manager-laeuft\/"]}]},{"@type":"BreadcrumbList","@id":"http:\/\/ex.lll.tum.de.devweb.mwn.de\/de\/bewerbungsphase-zum-certificate-program-employer-brand-manager-laeuft\/#breadcrumb","itemListElement":[{"@type":"ListItem","position":1,"name":"Home","item":"http:\/\/ex.lll.tum.de.devweb.mwn.de\/de\/"},{"@type":"ListItem","position":2,"name":"Bewerbungsphase zum Certificate Program \u201eEmployer Brand Manager\u201c l\u00e4uft"}]},{"@type":"WebSite","@id":"http:\/\/ex.lll.tum.de.devweb.mwn.de\/#website","url":"http:\/\/ex.lll.tum.de.devweb.mwn.de\/","name":"TUM Executive &amp; Professional Education","description":"","potentialAction":[{"@type":"SearchAction","target":{"@type":"EntryPoint","urlTemplate":"http:\/\/ex.lll.tum.de.devweb.mwn.de\/?s={search_term_string}"},"query-input":"required name=search_term_string"}],"inLanguage":"de"},{"@type":"Person","@id":"http:\/\/ex.lll.tum.de.devweb.mwn.de\/#\/schema\/person\/ff4286507e6ec473c1121f8222a24473","name":"360VIER","image":{"@type":"ImageObject","inLanguage":"de","@id":"http:\/\/ex.lll.tum.de.devweb.mwn.de\/#\/schema\/person\/image\/","url":"http:\/\/1.gravatar.com\/avatar\/722bebb8c4efc7ea81eaaf453d9dca3b?s=96&d=mm&r=g","contentUrl":"http:\/\/1.gravatar.com\/avatar\/722bebb8c4efc7ea81eaaf453d9dca3b?s=96&d=mm&r=g","caption":"360VIER"}}]}},"_links":{"self":[{"href":"http:\/\/ex.lll.tum.de.devweb.mwn.de\/de\/wp-json\/wp\/v2\/posts\/36632"}],"collection":[{"href":"http:\/\/ex.lll.tum.de.devweb.mwn.de\/de\/wp-json\/wp\/v2\/posts"}],"about":[{"href":"http:\/\/ex.lll.tum.de.devweb.mwn.de\/de\/wp-json\/wp\/v2\/types\/post"}],"author":[{"embeddable":true,"href":"http:\/\/ex.lll.tum.de.devweb.mwn.de\/de\/wp-json\/wp\/v2\/users\/26"}],"replies":[{"embeddable":true,"href":"http:\/\/ex.lll.tum.de.devweb.mwn.de\/de\/wp-json\/wp\/v2\/comments?post=36632"}],"version-history":[{"count":0,"href":"http:\/\/ex.lll.tum.de.devweb.mwn.de\/de\/wp-json\/wp\/v2\/posts\/36632\/revisions"}],"wp:featuredmedia":[{"embeddable":true,"href":"http:\/\/ex.lll.tum.de.devweb.mwn.de\/de\/wp-json\/wp\/v2\/media\/36645"}],"wp:attachment":[{"href":"http:\/\/ex.lll.tum.de.devweb.mwn.de\/de\/wp-json\/wp\/v2\/media?parent=36632"}],"wp:term":[{"taxonomy":"category","embeddable":true,"href":"http:\/\/ex.lll.tum.de.devweb.mwn.de\/de\/wp-json\/wp\/v2\/categories?post=36632"},{"taxonomy":"post_tag","embeddable":true,"href":"http:\/\/ex.lll.tum.de.devweb.mwn.de\/de\/wp-json\/wp\/v2\/tags?post=36632"}],"curies":[{"name":"wp","href":"https:\/\/api.w.org\/{rel}","templated":true}]}}