{"id":35002,"date":"2019-07-30T08:21:22","date_gmt":"2019-07-30T08:21:22","guid":{"rendered":"https:\/\/www.lll.tum.de.devweb.mwn.de\/?p=35002"},"modified":"2019-07-30T08:21:22","modified_gmt":"2019-07-30T08:21:22","slug":"pepper-besucht-den-emba-bit-reflektion-zur-arbeit-mit-einer-roboterfuehrungskraft","status":"publish","type":"post","link":"http:\/\/ex.lll.tum.de.devweb.mwn.de\/de\/pepper-besucht-den-emba-bit-reflektion-zur-arbeit-mit-einer-roboterfuehrungskraft\/","title":{"rendered":"Pepper besucht den EMBA BIT: Reflektion zur Arbeit mit einer Roboterf\u00fchrungskraft"},"content":{"rendered":"<p>Am Dienstag, den 23. Juli 2019, hatten die Teilnehmenden des Executive MBA Business &amp; IT die M\u00f6glichkeit, Erfahrungen in der Arbeit f\u00fcr eine Roboterf\u00fchrungskraft zu sammeln und dar\u00fcber zu reflektieren. F\u00fcr diesen Zweck haben Dr. Ellen Schmid, vom Center for Digital Leadership Development, Dr. Franziska Emmerling und Jakub Cichor von der Professur f\u00fcr Forschungs- und Wissenschaftsmanagement der Technischen Universit\u00e4t M\u00fcnchen drei Modelle des humanoiden Roboters Pepper mitgebracht.<\/p>\n<p>Nach einer Einleitung in den aktuellen Stand der Nutzung von Robotern in der Arbeitswelt wurden die Studierenden in Kleingruppen aufgeteilt, in denen sie gemeinsam Pepper begegnet sind. W\u00e4hrend einer ca. dreimin\u00fctigen Pr\u00e4sentation erz\u00e4hlte Pepper von seiner Marketingabteilung und erteilte dann die Aufgabe, eine Marketingstrategie f\u00fcr ein Produkt zu entwickeln, welches es besonders einfach macht, botanisches Wissen zu vermitteln.<\/p>\n<p>In anschlie\u00dfender Einzelarbeit bearbeiteten die Teilnehmenden die Aufgabe und reflektierten im Anschluss \u00fcber Ihre Erfahrung mittels Ratingskalen und offenen Fragen. Daraufhin haben Dr. Ellen Schmid, Dr. Franziska Emmerling und Jakub Cichor eine Gruppenreflektion strukturiert, in der die Studierenden offen \u00fcber ihre Eindr\u00fccke berichtet und \u00fcber m\u00f6gliche Chancen und Herausforderungen diskutiert haben.<\/p>\n<p>Zum Schluss standen die drei Pepper noch f\u00fcr eine Photo Op in Feierabendstimmung bereit, so dass die Teilnehmenden mit den Robotern ausgelassen reden, Fotos machen und Tic-Tac-Toe spielen konnten.<\/p>\n<p><img loading=\"lazy\" class=\"size-medium wp-image-35003 aligncenter\" src=\"https:\/\/lll.tum.de\/wp-content\/uploads\/2019\/07\/Pepper-300x225.jpg\" alt=\"\" width=\"300\" height=\"225\" srcset=\"http:\/\/ex.lll.tum.de.devweb.mwn.de\/wp-content\/uploads\/2019\/07\/Pepper-300x225.jpg 300w, http:\/\/ex.lll.tum.de.devweb.mwn.de\/wp-content\/uploads\/2019\/07\/Pepper-768x576.jpg 768w, http:\/\/ex.lll.tum.de.devweb.mwn.de\/wp-content\/uploads\/2019\/07\/Pepper-1024x768.jpg 1024w, http:\/\/ex.lll.tum.de.devweb.mwn.de\/wp-content\/uploads\/2019\/07\/Pepper-480x360.jpg 480w\" sizes=\"(max-width: 300px) 100vw, 300px\" \/><\/p>\n","protected":false},"excerpt":{"rendered":"<p>Am Dienstag, den 23. Juli 2019, hatten die Teilnehmenden des Executive MBA Business &amp; IT die M\u00f6glichkeit, Erfahrungen in der Arbeit f\u00fcr eine Roboterf\u00fchrungskraft zu sammeln und dar\u00fcber zu reflektieren. \u2026 <br \/>Read More here <i class=\"icon-icn_tum_internlink\"><\/i><\/p>\n","protected":false},"author":26,"featured_media":35003,"comment_status":"closed","ping_status":"open","sticky":false,"template":"","format":"standard","meta":[],"categories":[215,199,185],"tags":[],"acf":[],"yoast_head":"<!-- This site is optimized with the Yoast SEO Premium plugin v19.5 (Yoast SEO v19.10) - https:\/\/yoast.com\/wordpress\/plugins\/seo\/ -->\n<title>Pepper besucht den EMBA BIT: Reflektion zur Arbeit mit einer Roboterf\u00fchrungskraft - TUM Executive &amp; Professional Education<\/title>\n<meta name=\"robots\" content=\"noindex, follow, max-snippet:-1, max-image-preview:large, max-video-preview:-1\" \/>\n<meta property=\"og:locale\" content=\"de_DE\" \/>\n<meta property=\"og:type\" content=\"article\" \/>\n<meta property=\"og:title\" content=\"Pepper besucht den EMBA BIT: Reflektion zur Arbeit mit einer Roboterf\u00fchrungskraft\" \/>\n<meta property=\"og:description\" content=\"Am Dienstag, den 23. Juli 2019, hatten die Teilnehmenden des Executive MBA Business &amp; IT die M\u00f6glichkeit, Erfahrungen in der Arbeit f\u00fcr eine Roboterf\u00fchrungskraft zu sammeln und dar\u00fcber zu reflektieren. \u2026 Read More here\" \/>\n<meta property=\"og:url\" content=\"http:\/\/ex.lll.tum.de.devweb.mwn.de\/de\/pepper-besucht-den-emba-bit-reflektion-zur-arbeit-mit-einer-roboterfuehrungskraft\/\" \/>\n<meta property=\"og:site_name\" content=\"TUM Executive &amp; Professional Education\" \/>\n<meta property=\"article:published_time\" content=\"2019-07-30T08:21:22+00:00\" \/>\n<meta property=\"og:image\" content=\"http:\/\/ex.lll.tum.de.devweb.mwn.de\/wp-content\/uploads\/2019\/07\/Pepper-1024x768.jpg\" \/>\n\t<meta property=\"og:image:width\" content=\"1024\" \/>\n\t<meta property=\"og:image:height\" content=\"768\" \/>\n\t<meta property=\"og:image:type\" content=\"image\/jpeg\" \/>\n<meta name=\"author\" content=\"360VIER\" \/>\n<meta name=\"twitter:card\" content=\"summary_large_image\" \/>\n<meta name=\"twitter:label1\" content=\"Verfasst von\" \/>\n\t<meta name=\"twitter:data1\" content=\"360VIER\" \/>\n\t<meta name=\"twitter:label2\" content=\"Gesch\u00e4tzte Lesezeit\" \/>\n\t<meta name=\"twitter:data2\" content=\"1\u00a0Minute\" \/>\n<script type=\"application\/ld+json\" class=\"yoast-schema-graph\">{\"@context\":\"https:\/\/schema.org\",\"@graph\":[{\"@type\":\"WebPage\",\"@id\":\"http:\/\/ex.lll.tum.de.devweb.mwn.de\/de\/pepper-besucht-den-emba-bit-reflektion-zur-arbeit-mit-einer-roboterfuehrungskraft\/\",\"url\":\"http:\/\/ex.lll.tum.de.devweb.mwn.de\/de\/pepper-besucht-den-emba-bit-reflektion-zur-arbeit-mit-einer-roboterfuehrungskraft\/\",\"name\":\"Pepper besucht den EMBA BIT: Reflektion zur Arbeit mit einer Roboterf\u00fchrungskraft - TUM Executive &amp; Professional Education\",\"isPartOf\":{\"@id\":\"http:\/\/ex.lll.tum.de.devweb.mwn.de\/#website\"},\"datePublished\":\"2019-07-30T08:21:22+00:00\",\"dateModified\":\"2019-07-30T08:21:22+00:00\",\"author\":{\"@id\":\"http:\/\/ex.lll.tum.de.devweb.mwn.de\/#\/schema\/person\/ff4286507e6ec473c1121f8222a24473\"},\"breadcrumb\":{\"@id\":\"http:\/\/ex.lll.tum.de.devweb.mwn.de\/de\/pepper-besucht-den-emba-bit-reflektion-zur-arbeit-mit-einer-roboterfuehrungskraft\/#breadcrumb\"},\"inLanguage\":\"de\",\"potentialAction\":[{\"@type\":\"ReadAction\",\"target\":[\"http:\/\/ex.lll.tum.de.devweb.mwn.de\/de\/pepper-besucht-den-emba-bit-reflektion-zur-arbeit-mit-einer-roboterfuehrungskraft\/\"]}]},{\"@type\":\"BreadcrumbList\",\"@id\":\"http:\/\/ex.lll.tum.de.devweb.mwn.de\/de\/pepper-besucht-den-emba-bit-reflektion-zur-arbeit-mit-einer-roboterfuehrungskraft\/#breadcrumb\",\"itemListElement\":[{\"@type\":\"ListItem\",\"position\":1,\"name\":\"Home\",\"item\":\"http:\/\/ex.lll.tum.de.devweb.mwn.de\/de\/\"},{\"@type\":\"ListItem\",\"position\":2,\"name\":\"Pepper besucht den EMBA BIT: Reflektion zur Arbeit mit einer Roboterf\u00fchrungskraft\"}]},{\"@type\":\"WebSite\",\"@id\":\"http:\/\/ex.lll.tum.de.devweb.mwn.de\/#website\",\"url\":\"http:\/\/ex.lll.tum.de.devweb.mwn.de\/\",\"name\":\"TUM Executive &amp; Professional Education\",\"description\":\"\",\"potentialAction\":[{\"@type\":\"SearchAction\",\"target\":{\"@type\":\"EntryPoint\",\"urlTemplate\":\"http:\/\/ex.lll.tum.de.devweb.mwn.de\/?s={search_term_string}\"},\"query-input\":\"required name=search_term_string\"}],\"inLanguage\":\"de\"},{\"@type\":\"Person\",\"@id\":\"http:\/\/ex.lll.tum.de.devweb.mwn.de\/#\/schema\/person\/ff4286507e6ec473c1121f8222a24473\",\"name\":\"360VIER\",\"image\":{\"@type\":\"ImageObject\",\"inLanguage\":\"de\",\"@id\":\"http:\/\/ex.lll.tum.de.devweb.mwn.de\/#\/schema\/person\/image\/\",\"url\":\"http:\/\/1.gravatar.com\/avatar\/722bebb8c4efc7ea81eaaf453d9dca3b?s=96&d=mm&r=g\",\"contentUrl\":\"http:\/\/1.gravatar.com\/avatar\/722bebb8c4efc7ea81eaaf453d9dca3b?s=96&d=mm&r=g\",\"caption\":\"360VIER\"}}]}<\/script>\n<!-- \/ Yoast SEO Premium plugin. -->","yoast_head_json":{"title":"Pepper besucht den EMBA BIT: Reflektion zur Arbeit mit einer Roboterf\u00fchrungskraft - TUM Executive &amp; Professional Education","robots":{"index":"noindex","follow":"follow","max-snippet":"max-snippet:-1","max-image-preview":"max-image-preview:large","max-video-preview":"max-video-preview:-1"},"og_locale":"de_DE","og_type":"article","og_title":"Pepper besucht den EMBA BIT: Reflektion zur Arbeit mit einer Roboterf\u00fchrungskraft","og_description":"Am Dienstag, den 23. Juli 2019, hatten die Teilnehmenden des Executive MBA Business &amp; IT die M\u00f6glichkeit, Erfahrungen in der Arbeit f\u00fcr eine Roboterf\u00fchrungskraft zu sammeln und dar\u00fcber zu reflektieren. \u2026 Read More here","og_url":"http:\/\/ex.lll.tum.de.devweb.mwn.de\/de\/pepper-besucht-den-emba-bit-reflektion-zur-arbeit-mit-einer-roboterfuehrungskraft\/","og_site_name":"TUM Executive &amp; Professional Education","article_published_time":"2019-07-30T08:21:22+00:00","og_image":[{"width":1024,"height":768,"url":"http:\/\/ex.lll.tum.de.devweb.mwn.de\/wp-content\/uploads\/2019\/07\/Pepper-1024x768.jpg","type":"image\/jpeg"}],"author":"360VIER","twitter_card":"summary_large_image","twitter_misc":{"Verfasst von":"360VIER","Gesch\u00e4tzte Lesezeit":"1\u00a0Minute"},"schema":{"@context":"https:\/\/schema.org","@graph":[{"@type":"WebPage","@id":"http:\/\/ex.lll.tum.de.devweb.mwn.de\/de\/pepper-besucht-den-emba-bit-reflektion-zur-arbeit-mit-einer-roboterfuehrungskraft\/","url":"http:\/\/ex.lll.tum.de.devweb.mwn.de\/de\/pepper-besucht-den-emba-bit-reflektion-zur-arbeit-mit-einer-roboterfuehrungskraft\/","name":"Pepper besucht den EMBA BIT: Reflektion zur Arbeit mit einer Roboterf\u00fchrungskraft - TUM Executive &amp; Professional Education","isPartOf":{"@id":"http:\/\/ex.lll.tum.de.devweb.mwn.de\/#website"},"datePublished":"2019-07-30T08:21:22+00:00","dateModified":"2019-07-30T08:21:22+00:00","author":{"@id":"http:\/\/ex.lll.tum.de.devweb.mwn.de\/#\/schema\/person\/ff4286507e6ec473c1121f8222a24473"},"breadcrumb":{"@id":"http:\/\/ex.lll.tum.de.devweb.mwn.de\/de\/pepper-besucht-den-emba-bit-reflektion-zur-arbeit-mit-einer-roboterfuehrungskraft\/#breadcrumb"},"inLanguage":"de","potentialAction":[{"@type":"ReadAction","target":["http:\/\/ex.lll.tum.de.devweb.mwn.de\/de\/pepper-besucht-den-emba-bit-reflektion-zur-arbeit-mit-einer-roboterfuehrungskraft\/"]}]},{"@type":"BreadcrumbList","@id":"http:\/\/ex.lll.tum.de.devweb.mwn.de\/de\/pepper-besucht-den-emba-bit-reflektion-zur-arbeit-mit-einer-roboterfuehrungskraft\/#breadcrumb","itemListElement":[{"@type":"ListItem","position":1,"name":"Home","item":"http:\/\/ex.lll.tum.de.devweb.mwn.de\/de\/"},{"@type":"ListItem","position":2,"name":"Pepper besucht den EMBA BIT: Reflektion zur Arbeit mit einer Roboterf\u00fchrungskraft"}]},{"@type":"WebSite","@id":"http:\/\/ex.lll.tum.de.devweb.mwn.de\/#website","url":"http:\/\/ex.lll.tum.de.devweb.mwn.de\/","name":"TUM Executive &amp; Professional Education","description":"","potentialAction":[{"@type":"SearchAction","target":{"@type":"EntryPoint","urlTemplate":"http:\/\/ex.lll.tum.de.devweb.mwn.de\/?s={search_term_string}"},"query-input":"required name=search_term_string"}],"inLanguage":"de"},{"@type":"Person","@id":"http:\/\/ex.lll.tum.de.devweb.mwn.de\/#\/schema\/person\/ff4286507e6ec473c1121f8222a24473","name":"360VIER","image":{"@type":"ImageObject","inLanguage":"de","@id":"http:\/\/ex.lll.tum.de.devweb.mwn.de\/#\/schema\/person\/image\/","url":"http:\/\/1.gravatar.com\/avatar\/722bebb8c4efc7ea81eaaf453d9dca3b?s=96&d=mm&r=g","contentUrl":"http:\/\/1.gravatar.com\/avatar\/722bebb8c4efc7ea81eaaf453d9dca3b?s=96&d=mm&r=g","caption":"360VIER"}}]}},"_links":{"self":[{"href":"http:\/\/ex.lll.tum.de.devweb.mwn.de\/de\/wp-json\/wp\/v2\/posts\/35002"}],"collection":[{"href":"http:\/\/ex.lll.tum.de.devweb.mwn.de\/de\/wp-json\/wp\/v2\/posts"}],"about":[{"href":"http:\/\/ex.lll.tum.de.devweb.mwn.de\/de\/wp-json\/wp\/v2\/types\/post"}],"author":[{"embeddable":true,"href":"http:\/\/ex.lll.tum.de.devweb.mwn.de\/de\/wp-json\/wp\/v2\/users\/26"}],"replies":[{"embeddable":true,"href":"http:\/\/ex.lll.tum.de.devweb.mwn.de\/de\/wp-json\/wp\/v2\/comments?post=35002"}],"version-history":[{"count":0,"href":"http:\/\/ex.lll.tum.de.devweb.mwn.de\/de\/wp-json\/wp\/v2\/posts\/35002\/revisions"}],"wp:featuredmedia":[{"embeddable":true,"href":"http:\/\/ex.lll.tum.de.devweb.mwn.de\/de\/wp-json\/wp\/v2\/media\/35003"}],"wp:attachment":[{"href":"http:\/\/ex.lll.tum.de.devweb.mwn.de\/de\/wp-json\/wp\/v2\/media?parent=35002"}],"wp:term":[{"taxonomy":"category","embeddable":true,"href":"http:\/\/ex.lll.tum.de.devweb.mwn.de\/de\/wp-json\/wp\/v2\/categories?post=35002"},{"taxonomy":"post_tag","embeddable":true,"href":"http:\/\/ex.lll.tum.de.devweb.mwn.de\/de\/wp-json\/wp\/v2\/tags?post=35002"}],"curies":[{"name":"wp","href":"https:\/\/api.w.org\/{rel}","templated":true}]}}