{"id":34692,"date":"2019-07-16T10:50:04","date_gmt":"2019-07-16T10:50:04","guid":{"rendered":"https:\/\/www.lll.tum.de.devweb.mwn.de\/?p=34692"},"modified":"2019-07-16T10:50:04","modified_gmt":"2019-07-16T10:50:04","slug":"dr-ellen-schmid-im-interview-mit-profil","status":"publish","type":"post","link":"http:\/\/ex.lll.tum.de.devweb.mwn.de\/de\/dr-ellen-schmid-im-interview-mit-profil\/","title":{"rendered":"Dr. Ellen Schmid im Interview mit Profil"},"content":{"rendered":"<p>\u201eFrau Schmid, was bedeutet Digital Leadership?\u201c, ist das Topthema der Ausgabe 07 2019 des bayerischen Genossenschaftsblatts <em>Profi<\/em>l.<\/p>\n<p>Dr. Ellen Schmid, Leiterin des <em>Center for Digital Leadership Development<\/em>, stand im Interview zu Fragen der F\u00fchrung in einer ver\u00e4nderten Arbeitswelt, notwendigen Schl\u00fcsselkompetenzen und M\u00f6glichkeiten, den digitalen Herausforderungen in der Rolle der F\u00fchrungskraft zu begegnen, Rede und Antwort. Sie stellte dar\u00fcber hinaus die wissenschaftliche und praxisbezogene Arbeit des Center for Digital Leadership Development vor.<\/p>\n<p>Das vollst\u00e4ndige Interview k\u00f6nnen Sie <a href=\"https:\/\/www.profil.bayern\/07-2019\/topthema\/frau-schmid-was-bedeutet-digital-leadership\/\" target=\"_blank\" rel=\"noopener noreferrer\">hier<\/a> nachlesen!<\/p>\n","protected":false},"excerpt":{"rendered":"<p>\u201eFrau Schmid, was bedeutet Digital Leadership?\u201c, ist das Topthema der Ausgabe 07 2019 des bayerischen Genossenschaftsblatts Profil. Dr. Ellen Schmid, Leiterin des Center for Digital Leadership Development, stand im Interview \u2026 <br \/>Read More here <i class=\"icon-icn_tum_internlink\"><\/i><\/p>\n","protected":false},"author":23,"featured_media":25992,"comment_status":"closed","ping_status":"open","sticky":false,"template":"","format":"standard","meta":[],"categories":[215],"tags":[],"acf":[],"yoast_head":"<!-- This site is optimized with the Yoast SEO Premium plugin v19.5 (Yoast SEO v19.10) - https:\/\/yoast.com\/wordpress\/plugins\/seo\/ -->\n<title>Dr. Ellen Schmid im Interview mit Profil - TUM Executive &amp; Professional Education<\/title>\n<meta name=\"robots\" content=\"noindex, follow, max-snippet:-1, max-image-preview:large, max-video-preview:-1\" \/>\n<meta property=\"og:locale\" content=\"de_DE\" \/>\n<meta property=\"og:type\" content=\"article\" \/>\n<meta property=\"og:title\" content=\"Dr. Ellen Schmid im Interview mit Profil\" \/>\n<meta property=\"og:description\" content=\"\u201eFrau Schmid, was bedeutet Digital Leadership?\u201c, ist das Topthema der Ausgabe 07 2019 des bayerischen Genossenschaftsblatts Profil. Dr. Ellen Schmid, Leiterin des Center for Digital Leadership Development, stand im Interview \u2026 Read More here\" \/>\n<meta property=\"og:url\" content=\"http:\/\/ex.lll.tum.de.devweb.mwn.de\/de\/dr-ellen-schmid-im-interview-mit-profil\/\" \/>\n<meta property=\"og:site_name\" content=\"TUM Executive &amp; Professional Education\" \/>\n<meta property=\"article:published_time\" content=\"2019-07-16T10:50:04+00:00\" \/>\n<meta property=\"og:image\" content=\"http:\/\/ex.lll.tum.de.devweb.mwn.de\/wp-content\/uploads\/2018\/11\/schmid_ellen.png\" \/>\n\t<meta property=\"og:image:width\" content=\"400\" \/>\n\t<meta property=\"og:image:height\" content=\"266\" \/>\n\t<meta property=\"og:image:type\" content=\"image\/png\" \/>\n<meta name=\"author\" content=\"Marina\" \/>\n<meta name=\"twitter:card\" content=\"summary_large_image\" \/>\n<meta name=\"twitter:label1\" content=\"Verfasst von\" \/>\n\t<meta name=\"twitter:data1\" content=\"Marina\" \/>\n<script type=\"application\/ld+json\" class=\"yoast-schema-graph\">{\"@context\":\"https:\/\/schema.org\",\"@graph\":[{\"@type\":\"WebPage\",\"@id\":\"http:\/\/ex.lll.tum.de.devweb.mwn.de\/de\/dr-ellen-schmid-im-interview-mit-profil\/\",\"url\":\"http:\/\/ex.lll.tum.de.devweb.mwn.de\/de\/dr-ellen-schmid-im-interview-mit-profil\/\",\"name\":\"Dr. Ellen Schmid im Interview mit Profil - TUM Executive &amp; Professional Education\",\"isPartOf\":{\"@id\":\"http:\/\/ex.lll.tum.de.devweb.mwn.de\/#website\"},\"datePublished\":\"2019-07-16T10:50:04+00:00\",\"dateModified\":\"2019-07-16T10:50:04+00:00\",\"author\":{\"@id\":\"http:\/\/ex.lll.tum.de.devweb.mwn.de\/#\/schema\/person\/0d4f2631167efb7c1e8445e8e2fd1abf\"},\"breadcrumb\":{\"@id\":\"http:\/\/ex.lll.tum.de.devweb.mwn.de\/de\/dr-ellen-schmid-im-interview-mit-profil\/#breadcrumb\"},\"inLanguage\":\"de\",\"potentialAction\":[{\"@type\":\"ReadAction\",\"target\":[\"http:\/\/ex.lll.tum.de.devweb.mwn.de\/de\/dr-ellen-schmid-im-interview-mit-profil\/\"]}]},{\"@type\":\"BreadcrumbList\",\"@id\":\"http:\/\/ex.lll.tum.de.devweb.mwn.de\/de\/dr-ellen-schmid-im-interview-mit-profil\/#breadcrumb\",\"itemListElement\":[{\"@type\":\"ListItem\",\"position\":1,\"name\":\"Home\",\"item\":\"http:\/\/ex.lll.tum.de.devweb.mwn.de\/de\/\"},{\"@type\":\"ListItem\",\"position\":2,\"name\":\"Dr. Ellen Schmid im Interview mit Profil\"}]},{\"@type\":\"WebSite\",\"@id\":\"http:\/\/ex.lll.tum.de.devweb.mwn.de\/#website\",\"url\":\"http:\/\/ex.lll.tum.de.devweb.mwn.de\/\",\"name\":\"TUM Executive &amp; Professional Education\",\"description\":\"\",\"potentialAction\":[{\"@type\":\"SearchAction\",\"target\":{\"@type\":\"EntryPoint\",\"urlTemplate\":\"http:\/\/ex.lll.tum.de.devweb.mwn.de\/?s={search_term_string}\"},\"query-input\":\"required name=search_term_string\"}],\"inLanguage\":\"de\"},{\"@type\":\"Person\",\"@id\":\"http:\/\/ex.lll.tum.de.devweb.mwn.de\/#\/schema\/person\/0d4f2631167efb7c1e8445e8e2fd1abf\",\"name\":\"Marina\",\"image\":{\"@type\":\"ImageObject\",\"inLanguage\":\"de\",\"@id\":\"http:\/\/ex.lll.tum.de.devweb.mwn.de\/#\/schema\/person\/image\/\",\"url\":\"http:\/\/1.gravatar.com\/avatar\/7a593876cd2835b91813648d349c590b?s=96&d=mm&r=g\",\"contentUrl\":\"http:\/\/1.gravatar.com\/avatar\/7a593876cd2835b91813648d349c590b?s=96&d=mm&r=g\",\"caption\":\"Marina\"}}]}<\/script>\n<!-- \/ Yoast SEO Premium plugin. -->","yoast_head_json":{"title":"Dr. Ellen Schmid im Interview mit Profil - TUM Executive &amp; Professional Education","robots":{"index":"noindex","follow":"follow","max-snippet":"max-snippet:-1","max-image-preview":"max-image-preview:large","max-video-preview":"max-video-preview:-1"},"og_locale":"de_DE","og_type":"article","og_title":"Dr. Ellen Schmid im Interview mit Profil","og_description":"\u201eFrau Schmid, was bedeutet Digital Leadership?\u201c, ist das Topthema der Ausgabe 07 2019 des bayerischen Genossenschaftsblatts Profil. Dr. Ellen Schmid, Leiterin des Center for Digital Leadership Development, stand im Interview \u2026 Read More here","og_url":"http:\/\/ex.lll.tum.de.devweb.mwn.de\/de\/dr-ellen-schmid-im-interview-mit-profil\/","og_site_name":"TUM Executive &amp; Professional Education","article_published_time":"2019-07-16T10:50:04+00:00","og_image":[{"width":400,"height":266,"url":"http:\/\/ex.lll.tum.de.devweb.mwn.de\/wp-content\/uploads\/2018\/11\/schmid_ellen.png","type":"image\/png"}],"author":"Marina","twitter_card":"summary_large_image","twitter_misc":{"Verfasst von":"Marina"},"schema":{"@context":"https:\/\/schema.org","@graph":[{"@type":"WebPage","@id":"http:\/\/ex.lll.tum.de.devweb.mwn.de\/de\/dr-ellen-schmid-im-interview-mit-profil\/","url":"http:\/\/ex.lll.tum.de.devweb.mwn.de\/de\/dr-ellen-schmid-im-interview-mit-profil\/","name":"Dr. Ellen Schmid im Interview mit Profil - TUM Executive &amp; Professional Education","isPartOf":{"@id":"http:\/\/ex.lll.tum.de.devweb.mwn.de\/#website"},"datePublished":"2019-07-16T10:50:04+00:00","dateModified":"2019-07-16T10:50:04+00:00","author":{"@id":"http:\/\/ex.lll.tum.de.devweb.mwn.de\/#\/schema\/person\/0d4f2631167efb7c1e8445e8e2fd1abf"},"breadcrumb":{"@id":"http:\/\/ex.lll.tum.de.devweb.mwn.de\/de\/dr-ellen-schmid-im-interview-mit-profil\/#breadcrumb"},"inLanguage":"de","potentialAction":[{"@type":"ReadAction","target":["http:\/\/ex.lll.tum.de.devweb.mwn.de\/de\/dr-ellen-schmid-im-interview-mit-profil\/"]}]},{"@type":"BreadcrumbList","@id":"http:\/\/ex.lll.tum.de.devweb.mwn.de\/de\/dr-ellen-schmid-im-interview-mit-profil\/#breadcrumb","itemListElement":[{"@type":"ListItem","position":1,"name":"Home","item":"http:\/\/ex.lll.tum.de.devweb.mwn.de\/de\/"},{"@type":"ListItem","position":2,"name":"Dr. Ellen Schmid im Interview mit Profil"}]},{"@type":"WebSite","@id":"http:\/\/ex.lll.tum.de.devweb.mwn.de\/#website","url":"http:\/\/ex.lll.tum.de.devweb.mwn.de\/","name":"TUM Executive &amp; Professional Education","description":"","potentialAction":[{"@type":"SearchAction","target":{"@type":"EntryPoint","urlTemplate":"http:\/\/ex.lll.tum.de.devweb.mwn.de\/?s={search_term_string}"},"query-input":"required name=search_term_string"}],"inLanguage":"de"},{"@type":"Person","@id":"http:\/\/ex.lll.tum.de.devweb.mwn.de\/#\/schema\/person\/0d4f2631167efb7c1e8445e8e2fd1abf","name":"Marina","image":{"@type":"ImageObject","inLanguage":"de","@id":"http:\/\/ex.lll.tum.de.devweb.mwn.de\/#\/schema\/person\/image\/","url":"http:\/\/1.gravatar.com\/avatar\/7a593876cd2835b91813648d349c590b?s=96&d=mm&r=g","contentUrl":"http:\/\/1.gravatar.com\/avatar\/7a593876cd2835b91813648d349c590b?s=96&d=mm&r=g","caption":"Marina"}}]}},"_links":{"self":[{"href":"http:\/\/ex.lll.tum.de.devweb.mwn.de\/de\/wp-json\/wp\/v2\/posts\/34692"}],"collection":[{"href":"http:\/\/ex.lll.tum.de.devweb.mwn.de\/de\/wp-json\/wp\/v2\/posts"}],"about":[{"href":"http:\/\/ex.lll.tum.de.devweb.mwn.de\/de\/wp-json\/wp\/v2\/types\/post"}],"author":[{"embeddable":true,"href":"http:\/\/ex.lll.tum.de.devweb.mwn.de\/de\/wp-json\/wp\/v2\/users\/23"}],"replies":[{"embeddable":true,"href":"http:\/\/ex.lll.tum.de.devweb.mwn.de\/de\/wp-json\/wp\/v2\/comments?post=34692"}],"version-history":[{"count":0,"href":"http:\/\/ex.lll.tum.de.devweb.mwn.de\/de\/wp-json\/wp\/v2\/posts\/34692\/revisions"}],"wp:featuredmedia":[{"embeddable":true,"href":"http:\/\/ex.lll.tum.de.devweb.mwn.de\/de\/wp-json\/wp\/v2\/media\/25992"}],"wp:attachment":[{"href":"http:\/\/ex.lll.tum.de.devweb.mwn.de\/de\/wp-json\/wp\/v2\/media?parent=34692"}],"wp:term":[{"taxonomy":"category","embeddable":true,"href":"http:\/\/ex.lll.tum.de.devweb.mwn.de\/de\/wp-json\/wp\/v2\/categories?post=34692"},{"taxonomy":"post_tag","embeddable":true,"href":"http:\/\/ex.lll.tum.de.devweb.mwn.de\/de\/wp-json\/wp\/v2\/tags?post=34692"}],"curies":[{"name":"wp","href":"https:\/\/api.w.org\/{rel}","templated":true}]}}