{"id":29397,"date":"2019-03-05T08:00:45","date_gmt":"2019-03-05T08:00:45","guid":{"rendered":"https:\/\/www.lll.tum.de.devweb.mwn.de\/?p=29397"},"modified":"2019-03-13T15:03:21","modified_gmt":"2019-03-13T15:03:21","slug":"executive-mba-class-of-2020-absolviert-leadership-development-modul","status":"publish","type":"post","link":"http:\/\/ex.lll.tum.de.devweb.mwn.de\/de\/executive-mba-class-of-2020-absolviert-leadership-development-modul\/","title":{"rendered":"Executive MBA &#8220;Class of 2020&#8221; absolviert Leadership Development Modul"},"content":{"rendered":"<p>Nach vier intensiven Tagen mit inspirierenden Vortr\u00e4gen und Impulsen zum Thema F\u00fchrung &amp; Kooperation wurde das Thema am Montag pers\u00f6nlich: \u201eBecoming your own ideal leader\u201c.\u00a0SVP Prof. Dr. Claudia Peus, Vice Dean Executive Education, begann den Tag mit ihrem Vortrag zu F\u00fchrung im digitalen Zeitalter und diskutierte mit den Teilnehmenden praktische F\u00fchrungstechniken.<\/p>\n<p>Anschlie\u00dfend hatten unsere Teilnehmenden die M\u00f6glichkeit, gemeinsam mit unseren F\u00fchrungsexpertinnen und -experten Dr. Kristin Knipfer, Thomas M\u00fcnch, Dr. Ellen Schmid und Dr. Emanuel Schreiner in kleineren Arbeitsgruppen an ihrer individuellen Entwicklung als F\u00fchrungsperson zu arbeiten. Unsere Studierenden reflektierten das Feedback aus ihren individuellen F\u00fchrungsprofilen und arbeiteten mit dem digitalen Coach Emma, experimentierten in Rollenspielen mit F\u00fchrungsverhaltensweisen, diskutierten ihre Herausforderungen als F\u00fchrungskraft und erhielten Feedback zu ihrer pers\u00f6nlichen F\u00fchrungsphilosophie, die sie vor einem virtuellen Publikum pr\u00e4sentierten.<\/p>\n<p>Die virtual reality-Session, die unser <a href=\"http:\/\/ex.lll.tum.de.devweb.mwn.de\/about\/cdld\/\">Center f\u00fcr Digital Leadership Development<\/a> zusammen mit dem neuesten Kooperationspartner <a href=\"https:\/\/straightlabs.com\" target=\"_blank\" rel=\"noopener\">str8labs<\/a> erm\u00f6glichte, war f\u00fcr viele Studierende das Highlight des Tages.<\/p>\n<p>Bild:\u00a0Matej Kastelic \/ Fotolia<\/p>\n","protected":false},"excerpt":{"rendered":"<p>Nach vier intensiven Tagen mit inspirierenden Vortr\u00e4gen und Impulsen zum Thema F\u00fchrung &amp; Kooperation wurde das Thema am Montag pers\u00f6nlich: \u201eBecoming your own ideal leader\u201c.\u00a0SVP Prof. Dr. Claudia Peus, Vice \u2026 <br \/>Read More here <i class=\"icon-icn_tum_internlink\"><\/i><\/p>\n","protected":false},"author":26,"featured_media":29904,"comment_status":"closed","ping_status":"open","sticky":false,"template":"","format":"standard","meta":[],"categories":[215,199,176],"tags":[],"acf":[],"yoast_head":"<!-- This site is optimized with the Yoast SEO Premium plugin v19.5 (Yoast SEO v19.10) - https:\/\/yoast.com\/wordpress\/plugins\/seo\/ -->\n<title>Executive MBA &quot;Class of 2020&quot; absolviert Leadership Development Modul - TUM Executive &amp; Professional Education<\/title>\n<meta name=\"robots\" content=\"noindex, follow, max-snippet:-1, max-image-preview:large, max-video-preview:-1\" \/>\n<meta property=\"og:locale\" content=\"de_DE\" \/>\n<meta property=\"og:type\" content=\"article\" \/>\n<meta property=\"og:title\" content=\"Executive MBA &quot;Class of 2020&quot; absolviert Leadership Development Modul\" \/>\n<meta property=\"og:description\" content=\"Nach vier intensiven Tagen mit inspirierenden Vortr\u00e4gen und Impulsen zum Thema F\u00fchrung &amp; Kooperation wurde das Thema am Montag pers\u00f6nlich: \u201eBecoming your own ideal leader\u201c.\u00a0SVP Prof. Dr. Claudia Peus, Vice \u2026 Read More here\" \/>\n<meta property=\"og:url\" content=\"http:\/\/ex.lll.tum.de.devweb.mwn.de\/de\/executive-mba-class-of-2020-absolviert-leadership-development-modul\/\" \/>\n<meta property=\"og:site_name\" content=\"TUM Executive &amp; Professional Education\" \/>\n<meta property=\"article:published_time\" content=\"2019-03-05T08:00:45+00:00\" \/>\n<meta property=\"article:modified_time\" content=\"2019-03-13T15:03:21+00:00\" \/>\n<meta property=\"og:image\" content=\"http:\/\/ex.lll.tum.de.devweb.mwn.de\/wp-content\/uploads\/2019\/03\/kastoFotolia_213552411_S_Symposium.jpg\" \/>\n\t<meta property=\"og:image:width\" content=\"858\" \/>\n\t<meta property=\"og:image:height\" content=\"560\" \/>\n\t<meta property=\"og:image:type\" content=\"image\/jpeg\" \/>\n<meta name=\"author\" content=\"360VIER\" \/>\n<meta name=\"twitter:card\" content=\"summary_large_image\" \/>\n<meta name=\"twitter:label1\" content=\"Verfasst von\" \/>\n\t<meta name=\"twitter:data1\" content=\"360VIER\" \/>\n\t<meta name=\"twitter:label2\" content=\"Gesch\u00e4tzte Lesezeit\" \/>\n\t<meta name=\"twitter:data2\" content=\"1\u00a0Minute\" \/>\n<script type=\"application\/ld+json\" class=\"yoast-schema-graph\">{\"@context\":\"https:\/\/schema.org\",\"@graph\":[{\"@type\":\"WebPage\",\"@id\":\"http:\/\/ex.lll.tum.de.devweb.mwn.de\/de\/executive-mba-class-of-2020-absolviert-leadership-development-modul\/\",\"url\":\"http:\/\/ex.lll.tum.de.devweb.mwn.de\/de\/executive-mba-class-of-2020-absolviert-leadership-development-modul\/\",\"name\":\"Executive MBA \\\"Class of 2020\\\" absolviert Leadership Development Modul - TUM Executive &amp; Professional Education\",\"isPartOf\":{\"@id\":\"http:\/\/ex.lll.tum.de.devweb.mwn.de\/#website\"},\"datePublished\":\"2019-03-05T08:00:45+00:00\",\"dateModified\":\"2019-03-13T15:03:21+00:00\",\"author\":{\"@id\":\"http:\/\/ex.lll.tum.de.devweb.mwn.de\/#\/schema\/person\/ff4286507e6ec473c1121f8222a24473\"},\"breadcrumb\":{\"@id\":\"http:\/\/ex.lll.tum.de.devweb.mwn.de\/de\/executive-mba-class-of-2020-absolviert-leadership-development-modul\/#breadcrumb\"},\"inLanguage\":\"de\",\"potentialAction\":[{\"@type\":\"ReadAction\",\"target\":[\"http:\/\/ex.lll.tum.de.devweb.mwn.de\/de\/executive-mba-class-of-2020-absolviert-leadership-development-modul\/\"]}]},{\"@type\":\"BreadcrumbList\",\"@id\":\"http:\/\/ex.lll.tum.de.devweb.mwn.de\/de\/executive-mba-class-of-2020-absolviert-leadership-development-modul\/#breadcrumb\",\"itemListElement\":[{\"@type\":\"ListItem\",\"position\":1,\"name\":\"Home\",\"item\":\"http:\/\/ex.lll.tum.de.devweb.mwn.de\/de\/\"},{\"@type\":\"ListItem\",\"position\":2,\"name\":\"Executive MBA &#8220;Class of 2020&#8221; absolviert Leadership Development Modul\"}]},{\"@type\":\"WebSite\",\"@id\":\"http:\/\/ex.lll.tum.de.devweb.mwn.de\/#website\",\"url\":\"http:\/\/ex.lll.tum.de.devweb.mwn.de\/\",\"name\":\"TUM Executive &amp; Professional Education\",\"description\":\"\",\"potentialAction\":[{\"@type\":\"SearchAction\",\"target\":{\"@type\":\"EntryPoint\",\"urlTemplate\":\"http:\/\/ex.lll.tum.de.devweb.mwn.de\/?s={search_term_string}\"},\"query-input\":\"required name=search_term_string\"}],\"inLanguage\":\"de\"},{\"@type\":\"Person\",\"@id\":\"http:\/\/ex.lll.tum.de.devweb.mwn.de\/#\/schema\/person\/ff4286507e6ec473c1121f8222a24473\",\"name\":\"360VIER\",\"image\":{\"@type\":\"ImageObject\",\"inLanguage\":\"de\",\"@id\":\"http:\/\/ex.lll.tum.de.devweb.mwn.de\/#\/schema\/person\/image\/\",\"url\":\"http:\/\/1.gravatar.com\/avatar\/722bebb8c4efc7ea81eaaf453d9dca3b?s=96&d=mm&r=g\",\"contentUrl\":\"http:\/\/1.gravatar.com\/avatar\/722bebb8c4efc7ea81eaaf453d9dca3b?s=96&d=mm&r=g\",\"caption\":\"360VIER\"}}]}<\/script>\n<!-- \/ Yoast SEO Premium plugin. -->","yoast_head_json":{"title":"Executive MBA \"Class of 2020\" absolviert Leadership Development Modul - TUM Executive &amp; Professional Education","robots":{"index":"noindex","follow":"follow","max-snippet":"max-snippet:-1","max-image-preview":"max-image-preview:large","max-video-preview":"max-video-preview:-1"},"og_locale":"de_DE","og_type":"article","og_title":"Executive MBA \"Class of 2020\" absolviert Leadership Development Modul","og_description":"Nach vier intensiven Tagen mit inspirierenden Vortr\u00e4gen und Impulsen zum Thema F\u00fchrung &amp; Kooperation wurde das Thema am Montag pers\u00f6nlich: \u201eBecoming your own ideal leader\u201c.\u00a0SVP Prof. Dr. Claudia Peus, Vice \u2026 Read More here","og_url":"http:\/\/ex.lll.tum.de.devweb.mwn.de\/de\/executive-mba-class-of-2020-absolviert-leadership-development-modul\/","og_site_name":"TUM Executive &amp; Professional Education","article_published_time":"2019-03-05T08:00:45+00:00","article_modified_time":"2019-03-13T15:03:21+00:00","og_image":[{"width":858,"height":560,"url":"http:\/\/ex.lll.tum.de.devweb.mwn.de\/wp-content\/uploads\/2019\/03\/kastoFotolia_213552411_S_Symposium.jpg","type":"image\/jpeg"}],"author":"360VIER","twitter_card":"summary_large_image","twitter_misc":{"Verfasst von":"360VIER","Gesch\u00e4tzte Lesezeit":"1\u00a0Minute"},"schema":{"@context":"https:\/\/schema.org","@graph":[{"@type":"WebPage","@id":"http:\/\/ex.lll.tum.de.devweb.mwn.de\/de\/executive-mba-class-of-2020-absolviert-leadership-development-modul\/","url":"http:\/\/ex.lll.tum.de.devweb.mwn.de\/de\/executive-mba-class-of-2020-absolviert-leadership-development-modul\/","name":"Executive MBA \"Class of 2020\" absolviert Leadership Development Modul - TUM Executive &amp; Professional Education","isPartOf":{"@id":"http:\/\/ex.lll.tum.de.devweb.mwn.de\/#website"},"datePublished":"2019-03-05T08:00:45+00:00","dateModified":"2019-03-13T15:03:21+00:00","author":{"@id":"http:\/\/ex.lll.tum.de.devweb.mwn.de\/#\/schema\/person\/ff4286507e6ec473c1121f8222a24473"},"breadcrumb":{"@id":"http:\/\/ex.lll.tum.de.devweb.mwn.de\/de\/executive-mba-class-of-2020-absolviert-leadership-development-modul\/#breadcrumb"},"inLanguage":"de","potentialAction":[{"@type":"ReadAction","target":["http:\/\/ex.lll.tum.de.devweb.mwn.de\/de\/executive-mba-class-of-2020-absolviert-leadership-development-modul\/"]}]},{"@type":"BreadcrumbList","@id":"http:\/\/ex.lll.tum.de.devweb.mwn.de\/de\/executive-mba-class-of-2020-absolviert-leadership-development-modul\/#breadcrumb","itemListElement":[{"@type":"ListItem","position":1,"name":"Home","item":"http:\/\/ex.lll.tum.de.devweb.mwn.de\/de\/"},{"@type":"ListItem","position":2,"name":"Executive MBA &#8220;Class of 2020&#8221; absolviert Leadership Development Modul"}]},{"@type":"WebSite","@id":"http:\/\/ex.lll.tum.de.devweb.mwn.de\/#website","url":"http:\/\/ex.lll.tum.de.devweb.mwn.de\/","name":"TUM Executive &amp; Professional Education","description":"","potentialAction":[{"@type":"SearchAction","target":{"@type":"EntryPoint","urlTemplate":"http:\/\/ex.lll.tum.de.devweb.mwn.de\/?s={search_term_string}"},"query-input":"required name=search_term_string"}],"inLanguage":"de"},{"@type":"Person","@id":"http:\/\/ex.lll.tum.de.devweb.mwn.de\/#\/schema\/person\/ff4286507e6ec473c1121f8222a24473","name":"360VIER","image":{"@type":"ImageObject","inLanguage":"de","@id":"http:\/\/ex.lll.tum.de.devweb.mwn.de\/#\/schema\/person\/image\/","url":"http:\/\/1.gravatar.com\/avatar\/722bebb8c4efc7ea81eaaf453d9dca3b?s=96&d=mm&r=g","contentUrl":"http:\/\/1.gravatar.com\/avatar\/722bebb8c4efc7ea81eaaf453d9dca3b?s=96&d=mm&r=g","caption":"360VIER"}}]}},"_links":{"self":[{"href":"http:\/\/ex.lll.tum.de.devweb.mwn.de\/de\/wp-json\/wp\/v2\/posts\/29397"}],"collection":[{"href":"http:\/\/ex.lll.tum.de.devweb.mwn.de\/de\/wp-json\/wp\/v2\/posts"}],"about":[{"href":"http:\/\/ex.lll.tum.de.devweb.mwn.de\/de\/wp-json\/wp\/v2\/types\/post"}],"author":[{"embeddable":true,"href":"http:\/\/ex.lll.tum.de.devweb.mwn.de\/de\/wp-json\/wp\/v2\/users\/26"}],"replies":[{"embeddable":true,"href":"http:\/\/ex.lll.tum.de.devweb.mwn.de\/de\/wp-json\/wp\/v2\/comments?post=29397"}],"version-history":[{"count":0,"href":"http:\/\/ex.lll.tum.de.devweb.mwn.de\/de\/wp-json\/wp\/v2\/posts\/29397\/revisions"}],"wp:featuredmedia":[{"embeddable":true,"href":"http:\/\/ex.lll.tum.de.devweb.mwn.de\/de\/wp-json\/wp\/v2\/media\/29904"}],"wp:attachment":[{"href":"http:\/\/ex.lll.tum.de.devweb.mwn.de\/de\/wp-json\/wp\/v2\/media?parent=29397"}],"wp:term":[{"taxonomy":"category","embeddable":true,"href":"http:\/\/ex.lll.tum.de.devweb.mwn.de\/de\/wp-json\/wp\/v2\/categories?post=29397"},{"taxonomy":"post_tag","embeddable":true,"href":"http:\/\/ex.lll.tum.de.devweb.mwn.de\/de\/wp-json\/wp\/v2\/tags?post=29397"}],"curies":[{"name":"wp","href":"https:\/\/api.w.org\/{rel}","templated":true}]}}